{"id":10084,"date":"2021-02-15T15:14:05","date_gmt":"2021-02-15T15:14:05","guid":{"rendered":"http:\/\/www.italianoconulgen.com\/?p=10084"},"modified":"2021-02-16T04:05:00","modified_gmt":"2021-02-16T04:05:00","slug":"le-pietre-nella-mia-gonna","status":"publish","type":"post","link":"http:\/\/www.italianoconulgen.com\/index.php\/2021\/02\/15\/le-pietre-nella-mia-gonna\/","title":{"rendered":"I sassolini nella mia gonna!"},"content":{"rendered":"\n<p><em>Ete\u011fimdeki ta\u015flar!<\/em><\/p>\n\n\n\n<div class=\"wp-block-image\"><figure class=\"alignright size-large is-resized\"><img decoding=\"async\" loading=\"lazy\" src=\"http:\/\/www.italianoconulgen.com\/wp-content\/uploads\/2021\/02\/4222364f-2f53-4937-895e-e198a63d93b5-979x1024.jpg\" alt=\"\" class=\"wp-image-10085\" width=\"94\" height=\"98\" srcset=\"http:\/\/www.italianoconulgen.com\/wp-content\/uploads\/2021\/02\/4222364f-2f53-4937-895e-e198a63d93b5-979x1024.jpg 979w, http:\/\/www.italianoconulgen.com\/wp-content\/uploads\/2021\/02\/4222364f-2f53-4937-895e-e198a63d93b5-287x300.jpg 287w, http:\/\/www.italianoconulgen.com\/wp-content\/uploads\/2021\/02\/4222364f-2f53-4937-895e-e198a63d93b5-768x803.jpg 768w, http:\/\/www.italianoconulgen.com\/wp-content\/uploads\/2021\/02\/4222364f-2f53-4937-895e-e198a63d93b5-1469x1536.jpg 1469w, http:\/\/www.italianoconulgen.com\/wp-content\/uploads\/2021\/02\/4222364f-2f53-4937-895e-e198a63d93b5.jpg 1530w\" sizes=\"(max-width: 94px) 100vw, 94px\" \/><\/figure><\/div>\n\n\n\n<p>Ge\u00e7en hafta daha kitap benim elime bile ge\u00e7meden ablam\u0131n z\u00fcrafal\u0131 fincan\u0131yla yapt\u0131\u011f\u0131 tatl\u0131\u015f payla\u015f\u0131m sonras\u0131 bir anda h\u0131zla \u00e7\u0131kt\u0131m \u015f\u00f6hret basamaklar\u0131n\u0131! Akrabalar\u0131m\u0131zdan, ortak ahbaplar\u0131m\u0131zdan, onun beni tan\u0131yan ve tan\u0131mayan dostlar\u0131ndan, lise d\u00f6nem arkada\u015flar\u0131ndan, benim d\u00f6nem arkada\u015flar\u0131mdan ve ikimizin aras\u0131ndaki d\u00f6nem yat\u0131l\u0131 arkada\u015flar\u0131m\u0131zdan muhte\u015fem d\u00f6n\u00fc\u015fler ald\u0131m. <\/p>\n\n\n\n<div class=\"wp-block-image\"><figure class=\"alignleft size-large is-resized\"><img decoding=\"async\" loading=\"lazy\" src=\"http:\/\/www.italianoconulgen.com\/wp-content\/uploads\/2021\/02\/attachment-769x1024.jpg\" alt=\"\" class=\"wp-image-10086\" width=\"111\" height=\"148\" srcset=\"http:\/\/www.italianoconulgen.com\/wp-content\/uploads\/2021\/02\/attachment-769x1024.jpg 769w, http:\/\/www.italianoconulgen.com\/wp-content\/uploads\/2021\/02\/attachment-225x300.jpg 225w, http:\/\/www.italianoconulgen.com\/wp-content\/uploads\/2021\/02\/attachment-768x1022.jpg 768w, http:\/\/www.italianoconulgen.com\/wp-content\/uploads\/2021\/02\/attachment-1154x1536.jpg 1154w, http:\/\/www.italianoconulgen.com\/wp-content\/uploads\/2021\/02\/attachment.jpg 1202w\" sizes=\"(max-width: 111px) 100vw, 111px\" \/><\/figure><\/div>\n\n\n\n<p>Derken \u00e7ocuklu\u011fumuzu beraber, ortaokul ve lise y\u0131llar\u0131m\u0131z\u0131 ayn\u0131 okulda ve evde, sonraki y\u0131llar\u0131m\u0131z\u0131 yine birlikte memlekette  ge\u00e7irdi\u011fimiz sevgili kuzenim S\u00fcreyya da m\u00fcthi\u015f bir co\u015fku ve gururla payla\u015fmaya ba\u015flamaz m\u0131 farkl\u0131 mecralarda! <\/p>\n\n\n\n<p>Ben sosyal medyas\u0131z \u0131ss\u0131z k\u0131z olarak bir sevgi selinde s\u00fcr\u00fckleniyorum \u015fu an \u015fa\u015fk\u0131n ama a\u011f\u0131z kulaklarda. Ve arkada\u015flar\u0131ma, hani olmaz da e\u011fer de\u011fi\u015firsem veya \u015f\u0131mar\u0131k davranmaya ba\u015flarsam beni uyarmalar\u0131n\u0131 tembihliyorum. <\/p>\n\n\n\n<p>Yaln\u0131z bu iki  abla doktor, kitab\u0131n t\u0131p camias\u0131nda yay\u0131lmas\u0131ndan da korkmuyor de\u011filim. Acaba kendi aralar\u0131nda yapt\u0131klar\u0131 bir komplo plan\u0131 m\u0131 bu? Bana do\u011frudan teklif edemeyip bir psikiyatrist arkada\u015flar\u0131 yoluyla m\u0131 Bak\u0131rk\u00f6y&#8217;e kapatt\u0131racaklar?<\/p>\n\n\n\n<p>Doktorlara g\u00fcvenim yok \u00e7\u00fcnk\u00fc. Niye mi? Daha iki  g\u00fcn \u00f6nce do\u011fum g\u00fcn\u00fcn\u00fc kutlamak i\u00e7in S\u00fcreyya&#8217;n\u0131n e\u015fi B\u00fclent&#8217;i arad\u0131m. Kitab\u0131m tatl\u0131 Soyupak \u00e7iftinin masal kitab\u0131 olmu\u015f, her ak\u015fam birer kadeh \u015farap al\u0131p okuyorlarm\u0131\u015f. B\u00fclent, devam\u0131n\u0131 beklediklerini sezdirince e<em>te\u011fimdeki ta\u015flar\u0131 d\u00f6kt\u00fc\u011f\u00fcm\u00fc, bu i\u015fi zirvede b\u0131rakaca\u011f\u0131m\u0131 <\/em>s\u00f6yledim. <\/p>\n\n\n\n<p>Ne dedi be\u011fenirsiniz: Senin ete\u011finde \u00e7ok ta\u015f vard\u0131r daha!<\/p>\n\n\n\n<p>Hemen t\u0131bbi bir s\u00f6ylemle onun bran\u015f\u0131nda anlatt\u0131m derdimi ve daha fazla bilgisayar ba\u015f\u0131nda oturursam b\u00f6breklerimde ta\u015flar birikece\u011fini ima ettim. Medar-\u0131 iftihar\u0131m\u0131z sevgili doktorumuz beni rahatlatt\u0131 hemen: Sen yaz, hallederiz o ta\u015flar\u0131, o i\u015f bende! <\/p>\n\n\n\n<p>Yani Hipokrat yemini etti\u011fi i\u00e7in tam olarak b\u00f6yle demedi ama konu\u015fmadan onu anlad\u0131m ben!<\/p>\n\n\n\n<div class=\"wp-block-image\"><figure class=\"aligncenter size-large is-resized\"><img decoding=\"async\" loading=\"lazy\" src=\"http:\/\/www.italianoconulgen.com\/wp-content\/uploads\/2021\/02\/hippocrates_1_lg.gif\" alt=\"\" class=\"wp-image-10087\" width=\"80\" height=\"123\"\/><\/figure><\/div>\n","protected":false},"excerpt":{"rendered":"<p>Ete\u011fimdeki ta\u015flar! Ge\u00e7en hafta daha kitap benim elime bile ge\u00e7meden ablam\u0131n z\u00fcrafal\u0131 fincan\u0131yla yapt\u0131\u011f\u0131 tatl\u0131\u015f payla\u015f\u0131m sonras\u0131 bir anda h\u0131zla \u00e7\u0131kt\u0131m \u015f\u00f6hret basamaklar\u0131n\u0131! Akrabalar\u0131m\u0131zdan, ortak ahbaplar\u0131m\u0131zdan, onun beni tan\u0131yan ve tan\u0131mayan dostlar\u0131ndan, lise d\u00f6nem arkada\u015flar\u0131ndan, benim d\u00f6nem arkada\u015flar\u0131mdan ve ikimizin aras\u0131ndaki d\u00f6nem yat\u0131l\u0131 arkada\u015flar\u0131m\u0131zdan muhte\u015fem d\u00f6n\u00fc\u015fler ald\u0131m. Derken \u00e7ocuklu\u011fumuzu beraber, ortaokul ve lise y\u0131llar\u0131m\u0131z\u0131 ayn\u0131 &hellip; <a href=\"http:\/\/www.italianoconulgen.com\/index.php\/2021\/02\/15\/le-pietre-nella-mia-gonna\/\" class=\"more-link\">Okumaya devam et <span class=\"screen-reader-text\">I sassolini nella mia gonna!<\/span><\/a><\/p>\n","protected":false},"author":2,"featured_media":0,"comment_status":"open","ping_status":"open","sticky":false,"template":"","format":"standard","meta":[],"categories":[9],"tags":[],"_links":{"self":[{"href":"http:\/\/www.italianoconulgen.com\/index.php\/wp-json\/wp\/v2\/posts\/10084"}],"collection":[{"href":"http:\/\/www.italianoconulgen.com\/index.php\/wp-json\/wp\/v2\/posts"}],"about":[{"href":"http:\/\/www.italianoconulgen.com\/index.php\/wp-json\/wp\/v2\/types\/post"}],"author":[{"embeddable":true,"href":"http:\/\/www.italianoconulgen.com\/index.php\/wp-json\/wp\/v2\/users\/2"}],"replies":[{"embeddable":true,"href":"http:\/\/www.italianoconulgen.com\/index.php\/wp-json\/wp\/v2\/comments?post=10084"}],"version-history":[{"count":14,"href":"http:\/\/www.italianoconulgen.com\/index.php\/wp-json\/wp\/v2\/posts\/10084\/revisions"}],"predecessor-version":[{"id":10101,"href":"http:\/\/www.italianoconulgen.com\/index.php\/wp-json\/wp\/v2\/posts\/10084\/revisions\/10101"}],"wp:attachment":[{"href":"http:\/\/www.italianoconulgen.com\/index.php\/wp-json\/wp\/v2\/media?parent=10084"}],"wp:term":[{"taxonomy":"category","embeddable":true,"href":"http:\/\/www.italianoconulgen.com\/index.php\/wp-json\/wp\/v2\/categories?post=10084"},{"taxonomy":"post_tag","embeddable":true,"href":"http:\/\/www.italianoconulgen.com\/index.php\/wp-json\/wp\/v2\/tags?post=10084"}],"curies":[{"name":"wp","href":"https:\/\/api.w.org\/{rel}","templated":true}]}}