{"id":10226,"date":"2021-03-25T11:27:07","date_gmt":"2021-03-25T11:27:07","guid":{"rendered":"http:\/\/www.italianoconulgen.com\/?p=10226"},"modified":"2021-04-02T16:22:00","modified_gmt":"2021-04-02T16:22:00","slug":"la-penultima-settimana-dei-miei-corsi","status":"publish","type":"post","link":"http:\/\/www.italianoconulgen.com\/index.php\/2021\/03\/25\/la-penultima-settimana-dei-miei-corsi\/","title":{"rendered":"La penultima settimana dei miei corsi"},"content":{"rendered":"\n<p><em>Kurslar\u0131m\u0131n sondan bir \u00f6nceki haftas\u0131!<\/em><\/p>\n\n\n\n<p>Nas\u0131l ge\u00e7ti anlamadan sekizinci haftay\u0131 devirdim. Haftan\u0131n be\u015f sabah\u0131 be\u015f ayr\u0131 s\u0131n\u0131fta \u00fc\u00e7 ayr\u0131 \u00f6\u011fretmenle \u00e7ok \u015fey \u00f6\u011frendim, e\u011flendim ve <strong><em>un sacco di amici <\/em><\/strong>(bir s\u00fcr\u00fc, bir \u00e7uval dolusu arkada\u015f) edindim. \u0130ki hafta sonra yeni d\u00f6nem ba\u015fl\u0131yor, beni de \u0131srarla \u00e7a\u011f\u0131r\u0131yorlar ama iki ay ara verip bir sonraki d\u00f6nemde kat\u0131l\u0131r\u0131m san\u0131r\u0131m.<\/p>\n\n\n\n<p>Neden mi? \u0130ki haftal\u0131k yo\u011fun bir kurs diye yola \u00e7\u0131k\u0131p saatleri de\u011fi\u015ftirmek zorunda kal\u0131nca program\u0131m da de\u011fi\u015fmi\u015fti. Birden kendimi dokuz haftal\u0131k bir kursa dahil edilmi\u015f bulup artan \u00f6dememle de yine dokuz haftal\u0131k bir konu\u015fma grubuna kat\u0131lm\u0131\u015ft\u0131m. Derken Chiara Gamberale&#8217;nin karantinan\u0131n <strong><em>nei primi mes<\/em><\/strong><em><strong>i<\/strong><\/em> (ilk aylar\u0131nda) yazd\u0131\u011f\u0131 kitab\u0131n\u0131n okunup tart\u0131\u015f\u0131laca\u011f\u0131 bir kurs a\u00e7\u0131l\u0131nca dayanamay\u0131p ona da kay\u0131t olmu\u015ftum.<\/p>\n\n\n\n<p>D\u00f6rd\u00fcnc\u00fc haftadan itibaren de diledi\u011fim kadar \u00fccretsiz derse girme hakk\u0131m olunca iki g\u00fcn de \u00f6yle eklendi ve her sabah\u0131m doldu. Sabah \u00e7ok erken uyan\u0131r\u0131m, hi\u00e7 sorun olmayacakt\u0131 ama benim ciddi bir sorunum var. \u015e\u00f6yle ki, saat kurdu\u011fum gecelerde saat ba\u015f\u0131 uyan\u0131r, \u00e7ok delikli uyurum. Delikli uyuyunca da uyumam\u0131\u015f gibi hissederim. Ne olur ne olmaz diye de saat kuruyorum mecburen. Saat kurunca daha rahat uyumal\u0131 insan ama o da ters i\u015fliyor bende <strong><em>purtroppo<\/em><\/strong> (maalesef).<\/p>\n\n\n\n<p>Hem \u00f6\u011frenci hem \u00f6\u011fretmen olarak i\u015f y\u00fck\u00fcm\u00fc idare etmeye \u00e7al\u0131\u015f\u0131rken s\u00fcrekli de \u00e7eviri geldi, <em>Murphy Kanunlar\u0131<\/em> ile y\u00f6netildim yani iki ay boyunca ve yoruldum haliyle ekran ba\u015f\u0131nda. Bir de uykusuzluk!<\/p>\n\n\n\n<p>Sondan bir \u00f6nceki haftan\u0131n her g\u00fcn\u00fc daha \u00f6nce anlatt\u0131\u011f\u0131m gibiydi a\u015fa\u011f\u0131 yukar\u0131:<\/p>\n\n\n\n<div class=\"wp-block-image\"><figure class=\"alignleft size-large is-resized\"><img decoding=\"async\" loading=\"lazy\" src=\"http:\/\/www.italianoconulgen.com\/wp-content\/uploads\/2021\/03\/ilustrasi2-minum_4x-1024x845.jpg\" alt=\"\" class=\"wp-image-10229\" width=\"132\" height=\"109\" srcset=\"http:\/\/www.italianoconulgen.com\/wp-content\/uploads\/2021\/03\/ilustrasi2-minum_4x-1024x845.jpg 1024w, http:\/\/www.italianoconulgen.com\/wp-content\/uploads\/2021\/03\/ilustrasi2-minum_4x-300x248.jpg 300w, http:\/\/www.italianoconulgen.com\/wp-content\/uploads\/2021\/03\/ilustrasi2-minum_4x-768x634.jpg 768w, http:\/\/www.italianoconulgen.com\/wp-content\/uploads\/2021\/03\/ilustrasi2-minum_4x.jpg 1323w\" sizes=\"(max-width: 132px) 100vw, 132px\" \/><\/figure><\/div>\n\n\n\n<p>Pazartesi sendromu ya\u015fatan g\u00fcn, s\u0131ra en zor soruya gelince hemen su barda\u011f\u0131ma sar\u0131l\u0131p kendimi g\u00fcvenceye ald\u0131m. Benim bildi\u011fim su i\u00e7erken <strong><em>serpente<\/em><\/strong> bile dokunmaz ama Serena dokundu, o soruyu bana yapt\u0131rd\u0131. Barda\u011f\u0131 apar topar indirip ald\u0131\u011f\u0131m koca yudumu zorla yutup soruyu cevaplad\u0131m, <em>neyse bir haftam kald\u0131 <\/em>d\u00fc\u015f\u00fcncesiyle kendime dayanma g\u00fcc\u00fc vermeye \u00e7al\u0131\u015ft\u0131m.<\/p>\n\n\n\n<p>Sal\u0131 s\u0131n\u0131f\u0131 <em>\u00fctopyal\u0131\u011f\u0131n\u0131<\/em> koruyor. Bu hafta s\u0131n\u0131f\u0131n yar\u0131s\u0131 geldi, d\u00f6rt ki\u015fiydik. D\u00f6rd\u00fcnc\u00fc ki\u015fi de bir bu\u00e7uk saatlik dersin son yar\u0131m saatine kat\u0131ld\u0131. \u0130yi ki gelmi\u015f, o  yar\u0131m saatte bir mucize ya\u015fad\u0131m. Roma tarihinden bir \u015feylerin anlat\u0131ld\u0131\u011f\u0131 bir video izleyip iki grup halinde odalara ayr\u0131ld\u0131k. Ben hen\u00fcz uykum a\u00e7\u0131lmad\u0131\u011f\u0131 ve anlat\u0131lan ki\u015fileri hayat\u0131mda ilk kez duydu\u011fum i\u00e7in yar\u0131m yamalak notlarla bir odada buldum kendimi. Art\u0131k nas\u0131l \u00e7aresiz bakt\u0131ysam, \u00e7ocuk \u00fcniversitede Roma tarihi okudu\u011funu s\u00f6yleyerek hemen rahatlatt\u0131 beni. Di\u011fer ikili cevaplar\u0131 bulmak i\u00e7in Google&#8217;da debelenirken benim partnerim <strong><em>da memoria<\/em><\/strong> (ezberden) tarihleri, ki\u015fi ve yer adlar\u0131n\u0131 doldurup sorular\u0131 tamamlad\u0131 ve kalan s\u00fcrede o ki\u015filere dair magazinel bilgiler verdi bana, pek g\u00fcl\u00fc\u015ft\u00fck. <\/p>\n\n\n\n<p>Bir zoom odas\u0131nda on dakika da olsa \u015fans y\u00fcz\u00fcme g\u00fcl\u00fcyor bazen!<\/p>\n\n\n\n<div class=\"wp-block-image\"><figure class=\"alignright size-large is-resized\"><img decoding=\"async\" loading=\"lazy\" src=\"http:\/\/www.italianoconulgen.com\/wp-content\/uploads\/2021\/03\/acd64a5c370543b55160530035d514a7.jpg\" alt=\"\" class=\"wp-image-10230\" width=\"147\" height=\"73\" srcset=\"http:\/\/www.italianoconulgen.com\/wp-content\/uploads\/2021\/03\/acd64a5c370543b55160530035d514a7.jpg 523w, http:\/\/www.italianoconulgen.com\/wp-content\/uploads\/2021\/03\/acd64a5c370543b55160530035d514a7-300x150.jpg 300w\" sizes=\"(max-width: 147px) 100vw, 147px\" \/><\/figure><\/div>\n\n\n\n<p>A\u011fz\u0131 sulanarak inan\u0131lmaz bir heyecanla Adana kebap ve rak\u0131 muhabbeti yapan arkada\u015f\u0131m\u0131z gelemedi o g\u00fcn derse. G\u00f6nderdi\u011fi mesajda, hafta sonu Tazmanya&#8217;da da\u011f bisikletinden d\u00fc\u015ft\u00fc\u011f\u00fc i\u00e7in yaralar\u0131n\u0131 sarmakla me\u015fgul oldu\u011fu gibi komik bir ifade vard\u0131. D\u00fc\u015fmesinden \u00e7ok gelememesine \u00fcz\u00fcld\u00fcm \u00e7\u00fcnk\u00fc beni \u00e7ok g\u00fcld\u00fcr\u00fcyor, yaralar\u0131m\u0131 sar\u0131yordu adeta. Ge\u00e7en hafta bir kuma\u015f mendil \u00e7\u0131kar\u0131p d\u00f6rt ucuna d\u00fc\u011f\u00fcmler att\u0131 ve kafas\u0131na takt\u0131, \u0130talya&#8217;da yaz\u0131n <em><strong>operai<\/strong><\/em> (i\u015f\u00e7iler) \u00f6yle \u00e7al\u0131\u015f\u0131rm\u0131\u015f. Ders boyunca \u00f6yle oturdu, ben de onu g\u00f6rd\u00fck\u00e7e g\u00fcld\u00fcm. \u015eimdi Tazmanya&#8217;da da\u011f bisikletiyle do\u011fa turlar\u0131na \u00e7\u0131kt\u0131\u011f\u0131na bakmay\u0131n, kesin daha \u00f6nceki hayat\u0131nda pamuk tarlas\u0131nda \u00e7al\u0131\u015fan bir \u0131rgatt\u0131 o!<\/p>\n\n\n\n<p>Pazartesi g\u00fcn\u00fcn\u00fcn \u00f6devlerini \u00f6\u011frencim ya\u015f\u0131ndaki \u00f6\u011fretmenimin korkusundan ve sal\u0131 g\u00fcn\u00fcn\u00fcn \u00f6devlerini ise hi\u00e7 kimse yapmad\u0131\u011f\u0131 i\u00e7in yine \u00f6\u011frencim ya\u015f\u0131ndaki \u00f6\u011fretmenime h\u00fcrmetimden yap\u0131yorum.<\/p>\n\n\n\n<p>\u00c7ar\u015famba \u00f6devimiz yaln\u0131zca diziden bir b\u00f6l\u00fcm izlemek! Ama be\u015f alt\u0131 saat \u00f6nce isteyen yaz\u0131c\u0131dan als\u0131n veya baks\u0131n diye ders malzemeleri y\u00fckleniyor. Benim uykuma denk gelen bu saatlerde d\u00f6rt ki\u015filik s\u0131n\u0131ftaki iki arkada\u015f\u0131m\u0131z her bir detay\u0131 \u00e7al\u0131\u015f\u0131p, diziyi tekrar izliyor ve sorulara haz\u0131rlan\u0131yor. Ve <strong><em>continuamente<\/em><\/strong> (s\u00fcrekli) konu\u015fup her lafa atl\u0131yorlar ve hatta biri hi\u00e7 \u00e7ekinmeden s\u00f6z kesiyor. Biz iki zavall\u0131c\u0131k f\u0131rsat bulursak konu\u015fuyoruz. <em>Zaten bildi\u011fin ve ifade edebilece\u011fin \u015feyleri s\u00f6yleyebilecek durumdas\u0131n, dinlemeyi bilirsen bir \u015feyler \u00f6\u011frenirsin belki <\/em>diyesim geliyor o beni \u00e7\u0131ld\u0131rtan ki\u015fiye. Bir de ekranda bize bakm\u0131yor kesinlikle, yana d\u00f6n\u00fck oturuyor. <\/p>\n\n\n\n<p>Delleniyorum ama h\u0131rs yapt\u0131m, birka\u00e7 derstir biraz erken kalk\u0131p ben de her detaya bak\u0131yorum, onu konu\u015fturmama gayretine girdim. Bu hafta, s\u00fcrekli laf edip<em> hi\u00e7 sevmiyorum <\/em>dedi\u011fi dizi karakteri i\u00e7in yine hakaret niteli\u011finde s\u0131fatlar kullan\u0131nca dayanamad\u0131m, <em>ben \u00e7ok seviyorum, ki\u015fili\u011fi ve ya\u015fam tarz\u0131yla tam benim tipim<\/em> dedim. Kendi ada\u015f\u0131 adam\u0131 savunuyor s\u00fcrekli, k\u0131z ona lay\u0131k de\u011filmi\u015f! Bir cinayete odaklanm\u0131\u015f gayet seviyeli bir tart\u0131\u015fma y\u00fcr\u00fct\u00fcyoruz, adamca\u011f\u0131za takt\u0131 kafay\u0131. Ben de ona takt\u0131m tabii, bir g\u00fcnah ke\u00e7isi laz\u0131m hepimize!<\/p>\n\n\n\n<p>Yine <em>neyse bir haftam kald\u0131 <\/em>d\u00fc\u015f\u00fcncesiyle kendimi sakinle\u015ftirdim. Kavgaya haz\u0131r\u0131m \u00e7\u00fcnk\u00fc!<\/p>\n\n\n\n<p>Per\u015fembe grubu ile Chiara Gamberale&#8217;nin karantina d\u00f6neminde yazd\u0131\u011f\u0131 kitab\u0131n\u0131 tart\u0131\u015f\u0131yoruz. Sekiz ki\u015filik m\u00fcthi\u015f uyumlu, ne\u015feli ve sevgi dolu harika bir grup.  Ge\u00e7en ders, benim de ge\u00e7enlerde yay\u0131nlad\u0131\u011f\u0131m <em>Periodo Ipotetico<\/em> konusunu yapt\u0131k, <em>e\u011fer \u015f\u00f6yle olsayd\u0131 b\u00f6yle olurdu<\/em> gibilerden c\u00fcmleleri tamaml\u0131yoruz. E\u011fer t\u00fcm silahlar &#8230;&#8230;. d\u00f6n\u00fc\u015fseydi &#8230;&#8230;&#8230;&#8230;. olurdu sorusuna <em>kelebeklere<\/em> diyesim geldi ama \u00e7ok romantik bulup sustum. Romantik bir adam s\u00f6z ald\u0131 ve silahlar\u0131 g\u00f6kku\u015fa\u011f\u0131na d\u00f6n\u00fc\u015ft\u00fcr\u00fcp d\u00fcnyay\u0131 daha g\u00fczel bir yer yapt\u0131. Di\u011fer bir romantik adam da silahlar\u0131 a\u015f\u0131 \u015fi\u015felerine d\u00f6n\u00fc\u015ft\u00fcr\u00fcp t\u00fcm d\u00fcnya insanlar\u0131n\u0131 kurtard\u0131 corona illetinden. D\u00fcnyadaki b\u00fct\u00fcn alt\u0131n &#8230;&#8230;&#8230;. d\u00f6n\u00fc\u015fseydi &#8230;&#8230;&#8230; sorusuna ben cevap verip d\u00fcnyadaki b\u00fct\u00fcn alt\u0131n\u0131 ikinci bir g\u00fcne\u015fe \u00e7evirip herkesi mutlu ettim!<strong><em> Come i bambini<\/em><\/strong> (\u00e7ocuklar gibi) masum ve \u015fendik, ke\u015fke son haftam\u0131za giriyor olmasak!<\/p>\n\n\n\n<p>Haftaya kitab\u0131 okuyup tart\u0131\u015fan sabah ve ak\u015fam grubuna ortak ders yap\u0131lacak ve yazar\u0131 a\u011f\u0131rlayaca\u011f\u0131z. Di\u011fer gruptan d\u00f6rt, bizden iki g\u00f6n\u00fcll\u00fc se\u00e7ilecekmi\u015f soru sormak \u00fczere. Bizim gruptan ikinci g\u00f6n\u00fcll\u00fc \u00e7\u0131kmay\u0131nca ben<strong><em> volentieri<\/em><\/strong> (seve seve) kabul ettim bu g\u00f6revi. Ben de corona d\u00f6neminde kitap yazm\u0131\u015f bir yazar\u0131m sonu\u00e7ta!<\/p>\n\n\n\n<p>Cuma grubum alt\u0131n g\u00fcn\u00fc gibi, be\u015f kad\u0131n \u00f6\u011frenci ve bir kad\u0131n \u00f6\u011fretmen. Her hafta bir konuda makale okuyup kendi hayatlar\u0131m\u0131zla ba\u011flant\u0131 kuran sorular\u0131 tart\u0131\u015f\u0131yoruz: sokak sanat\u0131, karantina g\u00fcnleri, formda kalma ve diyetler, orman terapisi, bu seneki San Remo polemi\u011fi, \u0130talya&#8217;da da yayg\u0131nla\u015fmaya ba\u015flayan Chief Happiness Officer (CHO) kavram\u0131, ak\u0131ll\u0131 telefon esareti, seyahat ve konaklama tercihleri, hobiler. <\/p>\n\n\n\n<p>Konular bu minvalde olmas\u0131na ra\u011fmen, birbirine sabah kahvesine ge\u00e7en kom\u015fular gibi olduk sekiz haftad\u0131r. Ya\u015fad\u0131\u011f\u0131m\u0131z bir teknolojik sorun soruldu\u011funda uzun uzun elektrikli s\u00fcp\u00fcrgesine giren \u00f6r\u00fcmce\u011fi anlatan m\u0131 dersiniz, karantina d\u00f6neminde \u00f6rd\u00fcklerini g\u00f6steren mi!<\/p>\n\n\n\n<p>\u0130ki ay ekran ba\u015f\u0131nda daha az, do\u011fada daha uzun zaman ge\u00e7irip bahar\u0131 ya\u015fad\u0131ktan sonra bir tur daha yapar\u0131m gibi geliyor, <strong><em>vediamo!<\/em><\/strong><\/p>\n\n\n\n<div class=\"wp-block-image\"><figure class=\"aligncenter size-large\"><img decoding=\"async\" loading=\"lazy\" width=\"225\" height=\"225\" src=\"http:\/\/www.italianoconulgen.com\/wp-content\/uploads\/2021\/03\/IMG_2302.jpg\" alt=\"\" class=\"wp-image-10241\" srcset=\"http:\/\/www.italianoconulgen.com\/wp-content\/uploads\/2021\/03\/IMG_2302.jpg 225w, http:\/\/www.italianoconulgen.com\/wp-content\/uploads\/2021\/03\/IMG_2302-150x150.jpg 150w\" sizes=\"(max-width: 225px) 100vw, 225px\" \/><\/figure><\/div>\n\n\n\n<p><\/p>\n\n\n\n<p><\/p>\n","protected":false},"excerpt":{"rendered":"<p>Kurslar\u0131m\u0131n sondan bir \u00f6nceki haftas\u0131! Nas\u0131l ge\u00e7ti anlamadan sekizinci haftay\u0131 devirdim. Haftan\u0131n be\u015f sabah\u0131 be\u015f ayr\u0131 s\u0131n\u0131fta \u00fc\u00e7 ayr\u0131 \u00f6\u011fretmenle \u00e7ok \u015fey \u00f6\u011frendim, e\u011flendim ve un sacco di amici (bir s\u00fcr\u00fc, bir \u00e7uval dolusu arkada\u015f) edindim. \u0130ki hafta sonra yeni d\u00f6nem ba\u015fl\u0131yor, beni de \u0131srarla \u00e7a\u011f\u0131r\u0131yorlar ama iki ay ara verip bir sonraki d\u00f6nemde kat\u0131l\u0131r\u0131m &hellip; <a href=\"http:\/\/www.italianoconulgen.com\/index.php\/2021\/03\/25\/la-penultima-settimana-dei-miei-corsi\/\" class=\"more-link\">Okumaya devam et <span class=\"screen-reader-text\">La penultima settimana dei miei corsi<\/span><\/a><\/p>\n","protected":false},"author":2,"featured_media":0,"comment_status":"open","ping_status":"open","sticky":false,"template":"","format":"standard","meta":[],"categories":[9,7],"tags":[],"_links":{"self":[{"href":"http:\/\/www.italianoconulgen.com\/index.php\/wp-json\/wp\/v2\/posts\/10226"}],"collection":[{"href":"http:\/\/www.italianoconulgen.com\/index.php\/wp-json\/wp\/v2\/posts"}],"about":[{"href":"http:\/\/www.italianoconulgen.com\/index.php\/wp-json\/wp\/v2\/types\/post"}],"author":[{"embeddable":true,"href":"http:\/\/www.italianoconulgen.com\/index.php\/wp-json\/wp\/v2\/users\/2"}],"replies":[{"embeddable":true,"href":"http:\/\/www.italianoconulgen.com\/index.php\/wp-json\/wp\/v2\/comments?post=10226"}],"version-history":[{"count":20,"href":"http:\/\/www.italianoconulgen.com\/index.php\/wp-json\/wp\/v2\/posts\/10226\/revisions"}],"predecessor-version":[{"id":10338,"href":"http:\/\/www.italianoconulgen.com\/index.php\/wp-json\/wp\/v2\/posts\/10226\/revisions\/10338"}],"wp:attachment":[{"href":"http:\/\/www.italianoconulgen.com\/index.php\/wp-json\/wp\/v2\/media?parent=10226"}],"wp:term":[{"taxonomy":"category","embeddable":true,"href":"http:\/\/www.italianoconulgen.com\/index.php\/wp-json\/wp\/v2\/categories?post=10226"},{"taxonomy":"post_tag","embeddable":true,"href":"http:\/\/www.italianoconulgen.com\/index.php\/wp-json\/wp\/v2\/tags?post=10226"}],"curies":[{"name":"wp","href":"https:\/\/api.w.org\/{rel}","templated":true}]}}