{"id":10333,"date":"2021-02-26T12:26:54","date_gmt":"2021-02-26T12:26:54","guid":{"rendered":"http:\/\/www.italianoconulgen.com\/?p=10333"},"modified":"2021-04-02T15:11:46","modified_gmt":"2021-04-02T15:11:46","slug":"dante-alighieri-3","status":"publish","type":"post","link":"http:\/\/www.italianoconulgen.com\/index.php\/2021\/02\/26\/dante-alighieri-3\/","title":{"rendered":"Dante Alighieri"},"content":{"rendered":"\n<p>D\u00fcnk\u00fc \u015fiirimden sonra, corona biraz daha kal\u0131rsa yak\u0131nda Dante&#8217;yi de Orhan Veli ve Cahit S\u0131tk\u0131&#8217;y\u0131 da sollayaca\u011f\u0131m\u0131 s\u00f6yleyenler oldu, esta\u011ffurullah Dante kim ben kim!<\/p>\n\n\n\n<p>Ben \u015fu anda yaln\u0131zca bir k\u00f6\u015fede dantel \u00f6recek bir canl\u0131 t\u00fcr\u00fc, ya\u015fam formuyum.<\/p>\n\n\n\n<p>Bu vesileyle bu b\u00fcy\u00fck \u015fairi anmak \u00fczere ilk blog yaz\u0131m\u0131 g\u00fcncelleyerek bug\u00fcn de payla\u015fmak istedim:<\/p>\n\n\n\n<p><strong><em>Contrariamente alle credenze popolari<\/em><\/strong> (genel kan\u0131n\u0131n aksine), \u0130talyanca yaln\u0131zca \u0130talya\u2019da ve \u0130svi\u00e7re\u2019nin g\u00fcneyinde, \u0130talyan s\u0131n\u0131r\u0131 boyunca konu\u015fulan bir dil de\u011fildir. \u0130talyanca; \u0130svi\u00e7re, Malta, H\u0131rvatistan, Slovenya ve<strong> <\/strong><em><strong>naturalmente<\/strong><\/em><strong> <\/strong>(tabii ki) \u0130talya yar\u0131madas\u0131nda bulunan San Marino ve Vatikan\u2019da<em> <\/em><strong><em>lingua ufficiale<\/em><\/strong>\u2019dir. Bu, \u0130talyanca\u2019n\u0131n yayg\u0131n olarak konu\u015fuldu\u011fu bu \u00fclkelerde resm\u00ee bir dil olarak kabul edilmi\u015f olmas\u0131 anlam\u0131na gelmektedir. \u0130talyanca, bu \u00fclkelerin d\u0131\u015f\u0131nda \u00e7ok say\u0131da \u0130talyan g\u00f6\u00e7menin ya\u015fad\u0131\u011f\u0131, yani <strong><em>piccolo<\/em><\/strong> (k\u00fc\u00e7\u00fck) \u0130talya\u2019lar\u0131n bulundu\u011fu Amerika, Kanada, Avustralya, Brezilya, Venezuela, Uruguay gibi \u00fclkelerin yan\u0131 s\u0131ra Almanya, \u0130ngiltere, Bel\u00e7ika ve Fransa gibi Avrupa \u00fclkelerinde ve hatta Libya, Somali ve Etiyopya\u2019da konu\u015fulmaktad\u0131r.<\/p>\n\n\n\n<p>\u0130talyanca \u00f6\u011frenmeye ba\u015flarken anmam\u0131z gereken ilk ki\u015fi elbette <em>Cehennem, Araf<\/em> ve <em>Cennet <\/em>b\u00f6l\u00fcmlerinden olu\u015fan, d\u00fcnya edebiyat tarihinin en \u00f6nemli ba\u015fyap\u0131tlar\u0131ndan biri<em> <strong>La Divina Commedia<\/strong><\/em><strong>&#8216;<\/strong>y\u0131 (\u0130lahi Komedya) yazan \u015fair ve siyaset\u00e7i Dante Alighieri&#8217;dir.<\/p>\n\n\n\n<p>Dante Alighieri, bug\u00fcn konu\u015fulan modern \u0130talyanca&#8217;n\u0131n babas\u0131 olarak bilinir. Dante&#8217;nin d\u00f6neminde edebi eserlerde kullan\u0131lan dil \u00e7o\u011funlukla Latince olmas\u0131na ra\u011fmen, Dante <em>\u0130lahi Komedya<\/em>&#8216;y\u0131<strong> <\/strong><em><strong>dialetto fiorentino<\/strong><\/em><strong> <\/strong>(Floransa leh\u00e7esi) ile yazm\u0131\u015ft\u0131r.<\/p>\n\n\n\n<p>Ama her baba gibi, Dante de \u00e7ocuklar\u0131 konusunda m\u00fckemmeliyet\u00e7i ve \u0130talyanlar\u0131n fiil \u00e7ekimlerinde&nbsp;h\u00e2l\u00e2 hata yap\u0131yor olmas\u0131ndan \u015fik\u00e2yet\u00e7i!<\/p>\n\n\n\n<div class=\"wp-block-image\"><figure class=\"aligncenter size-large is-resized\"><img decoding=\"async\" loading=\"lazy\" src=\"http:\/\/www.italianoconulgen.com\/wp-content\/uploads\/2021\/04\/coniugazione-verbi-1-767x511-1.jpg\" alt=\"\" class=\"wp-image-10334\" width=\"513\" height=\"341\" srcset=\"http:\/\/www.italianoconulgen.com\/wp-content\/uploads\/2021\/04\/coniugazione-verbi-1-767x511-1.jpg 767w, http:\/\/www.italianoconulgen.com\/wp-content\/uploads\/2021\/04\/coniugazione-verbi-1-767x511-1-300x200.jpg 300w\" sizes=\"(max-width: 513px) 100vw, 513px\" \/><\/figure><\/div>\n\n\n\n<p class=\"has-text-align-center\"><em>Komedya&#8217;y\u0131 yazmak i\u00e7in 20 y\u0131l\u0131m\u0131 verdim, \u0130talyanlar 700 y\u0131l sonra F\u0130\u0130LLER\u0130 \u00c7EKERKEN &nbsp;h\u00e2l\u00e2<\/em> <em>hata yap\u0131yorlar!!!<\/em><\/p>\n\n\n\n<p>Bug\u00fcn \u0130talya&#8217;n\u0131n farkl\u0131 b\u00f6lgelerinde halen bir\u00e7ok farkl\u0131 leh\u00e7e konu\u015fuluyor, ancak 19. y\u00fczy\u0131l \u0130talya&#8217;s\u0131nda g\u00fcneyde ya\u015fayan birinin kuzeyde ya\u015fayan birini anlamas\u0131 bile m\u00fcmk\u00fcn de\u011filmi\u015f.<\/p>\n\n\n\n<p>1861 y\u0131l\u0131nda <strong><em>Unit\u00e0 d\u2019Italia<\/em><\/strong> (\u0130talya Birli\u011fi) kurulduktan sonra devlet dairelerinde kullan\u0131lan, okullarda \u00f6\u011fretilen ve g\u00fcnl\u00fck hayatta konu\u015fulan tek bir resmi dilin se\u00e7ilmesine karar verilince, &#8216;hangi b\u00f6lgenin konu\u015ftu\u011fu \u0130talyanca resmi dil olacak&#8217; tart\u0131\u015fmalar\u0131ndan sonra en g\u00fczel \u0130talyanca&#8217;n\u0131n Dante&#8217;nin kulland\u0131\u011f\u0131 dil oldu\u011funa karar verilmi\u015f. <strong><em>E quindi<\/em><\/strong> (ve b\u00f6ylece) modern, standart \u0130talyanca&#8217;n\u0131n temeli Dante&#8217;nin \u0130talyancas\u0131 olmu\u015f.<\/p>\n\n\n\n<p>T. S. Eliot&#8217;un yazd\u0131\u011f\u0131 gibi <em>\u201cDante ile Shakespeare d\u00fcnyay\u0131 aralar\u0131nda payla\u015f\u0131r; bu iki ada eklenebilecek \u00fc\u00e7\u00fcnc\u00fc bir ad yoktur.\u201d<\/em>&nbsp;ama neyse ki \u0130ngilizler de ayn\u0131 \u015fekilde Shakespeare \u0130ngilizcesini standart dil yapmam\u0131\u015f!<\/p>\n\n\n\n<div class=\"wp-block-image\"><figure class=\"aligncenter size-large is-resized\"><img decoding=\"async\" loading=\"lazy\" src=\"http:\/\/www.italianoconulgen.com\/wp-content\/uploads\/2021\/02\/dante-alighieri-portre-vector-cartoon-september-italian-poet-portrait-194091002.jpg\" alt=\"\" class=\"wp-image-10128\" width=\"97\" height=\"116\" srcset=\"http:\/\/www.italianoconulgen.com\/wp-content\/uploads\/2021\/02\/dante-alighieri-portre-vector-cartoon-september-italian-poet-portrait-194091002.jpg 754w, http:\/\/www.italianoconulgen.com\/wp-content\/uploads\/2021\/02\/dante-alighieri-portre-vector-cartoon-september-italian-poet-portrait-194091002-251x300.jpg 251w\" sizes=\"(max-width: 97px) 100vw, 97px\" \/><\/figure><\/div>\n","protected":false},"excerpt":{"rendered":"<p>D\u00fcnk\u00fc \u015fiirimden sonra, corona biraz daha kal\u0131rsa yak\u0131nda Dante&#8217;yi de Orhan Veli ve Cahit S\u0131tk\u0131&#8217;y\u0131 da sollayaca\u011f\u0131m\u0131 s\u00f6yleyenler oldu, esta\u011ffurullah Dante kim ben kim! Ben \u015fu anda yaln\u0131zca bir k\u00f6\u015fede dantel \u00f6recek bir canl\u0131 t\u00fcr\u00fc, ya\u015fam formuyum. Bu vesileyle bu b\u00fcy\u00fck \u015fairi anmak \u00fczere ilk blog yaz\u0131m\u0131 g\u00fcncelleyerek bug\u00fcn de payla\u015fmak istedim: Contrariamente alle credenze &hellip; <a href=\"http:\/\/www.italianoconulgen.com\/index.php\/2021\/02\/26\/dante-alighieri-3\/\" class=\"more-link\">Okumaya devam et <span class=\"screen-reader-text\">Dante Alighieri<\/span><\/a><\/p>\n","protected":false},"author":2,"featured_media":0,"comment_status":"open","ping_status":"open","sticky":false,"template":"","format":"standard","meta":[],"categories":[9,7,5],"tags":[],"_links":{"self":[{"href":"http:\/\/www.italianoconulgen.com\/index.php\/wp-json\/wp\/v2\/posts\/10333"}],"collection":[{"href":"http:\/\/www.italianoconulgen.com\/index.php\/wp-json\/wp\/v2\/posts"}],"about":[{"href":"http:\/\/www.italianoconulgen.com\/index.php\/wp-json\/wp\/v2\/types\/post"}],"author":[{"embeddable":true,"href":"http:\/\/www.italianoconulgen.com\/index.php\/wp-json\/wp\/v2\/users\/2"}],"replies":[{"embeddable":true,"href":"http:\/\/www.italianoconulgen.com\/index.php\/wp-json\/wp\/v2\/comments?post=10333"}],"version-history":[{"count":3,"href":"http:\/\/www.italianoconulgen.com\/index.php\/wp-json\/wp\/v2\/posts\/10333\/revisions"}],"predecessor-version":[{"id":10337,"href":"http:\/\/www.italianoconulgen.com\/index.php\/wp-json\/wp\/v2\/posts\/10333\/revisions\/10337"}],"wp:attachment":[{"href":"http:\/\/www.italianoconulgen.com\/index.php\/wp-json\/wp\/v2\/media?parent=10333"}],"wp:term":[{"taxonomy":"category","embeddable":true,"href":"http:\/\/www.italianoconulgen.com\/index.php\/wp-json\/wp\/v2\/categories?post=10333"},{"taxonomy":"post_tag","embeddable":true,"href":"http:\/\/www.italianoconulgen.com\/index.php\/wp-json\/wp\/v2\/tags?post=10333"}],"curies":[{"name":"wp","href":"https:\/\/api.w.org\/{rel}","templated":true}]}}