{"id":10446,"date":"2021-04-26T05:16:18","date_gmt":"2021-04-26T05:16:18","guid":{"rendered":"http:\/\/www.italianoconulgen.com\/?p=10446"},"modified":"2021-05-10T18:19:12","modified_gmt":"2021-05-10T18:19:12","slug":"ma-che-freddo-fa","status":"publish","type":"post","link":"http:\/\/www.italianoconulgen.com\/index.php\/2021\/04\/26\/ma-che-freddo-fa\/","title":{"rendered":"Ma che freddo fa"},"content":{"rendered":"\n<p><em>Hava ne so\u011fuk!<\/em><\/p>\n\n\n\n<p>Burada art\u0131k so\u011fuk de\u011fil ama bug\u00fcn payla\u015fmak istedi\u011fim \u015fark\u0131n\u0131n ad\u0131 bu! Netflix&#8217;te bir \u0130talyan filmleri bombardman\u0131 var ve ben <em><strong>bombardamento<\/strong><\/em> sonras\u0131 bir ev d\u00fczeninde ve k\u0131l\u0131kta <strong><em>uno dopo l&#8217;altro<\/em><\/strong> (art arda) bu filmleri izliyorum. \u0130yi geliyor, size de \u00f6neririm!<\/p>\n\n\n\n<p>D\u00fcn izledi\u011fim <em>Fidanzato per mia moglie <\/em>(E\u015fime Sevgili Aran\u0131yor) adl\u0131 filmin erkek ba\u015frol oyuncusu Paolo Kessisoglu \u00e7ok sempatik, bizden biri gibi. Gibisi fazla, bizden biri asl\u0131nda. Cenoval\u0131 bu oyuncu, \u0130zmir as\u0131ll\u0131 Ermeni bir aileden geliyor. Ailenin as\u0131l soyad\u0131 Keshisian. <\/p>\n\n\n\n<p>Bu filmde, Ferzan \u00d6zpetek filmi <em>Kar\u015f\u0131 Pencere&#8217;<\/em>den bildi\u011fimiz ve sevdi\u011fimiz<em> Ma che freddo<\/em> fa da \u00e7al\u0131yor \u00e7ok ho\u015f bir sahnede ve filmin sonunda.<\/p>\n\n\n\n<p><em>Kar\u015f\u0131 Pencere<\/em> filminden:<\/p>\n\n\n\n<figure class=\"wp-block-embed-youtube wp-block-embed is-type-video is-provider-youtube wp-embed-aspect-16-9 wp-has-aspect-ratio\"><div class=\"wp-block-embed__wrapper\">\n<iframe loading=\"lazy\" title=\"La finestra di fronte\" width=\"660\" height=\"371\" src=\"https:\/\/www.youtube.com\/embed\/pHzbuzyerfM?feature=oembed\" frameborder=\"0\" allow=\"accelerometer; autoplay; clipboard-write; encrypted-media; gyroscope; picture-in-picture; web-share\" allowfullscreen><\/iframe>\n<\/div><\/figure>\n\n\n\n<p>1969 y\u0131l\u0131nda, 15 ya\u015f\u0131nda ilk defa sahneye \u00e7\u0131k\u0131p \u00fc\u00e7\u00fcnc\u00fc oldu\u011fu San Remo M\u00fczik Festivali&#8217;nde s\u00f6yledi\u011fi <em>Ma che freddo fa<\/em> \u015fark\u0131s\u0131n\u0131 bir de Livornolu \u015fark\u0131c\u0131 Nada Malanima&#8217;n\u0131n kendinden dinleyelim ve bu haftaya da b\u00f6yle ba\u015flayal\u0131m:<\/p>\n\n\n\n<figure class=\"wp-block-embed-youtube wp-block-embed is-type-video is-provider-youtube wp-embed-aspect-16-9 wp-has-aspect-ratio\"><div class=\"wp-block-embed__wrapper\">\n<iframe loading=\"lazy\" title=\"Nada - Ma che freddo fa (Sanremo 1969) HD\" width=\"660\" height=\"371\" src=\"https:\/\/www.youtube.com\/embed\/DJs-9BnJRPA?feature=oembed\" frameborder=\"0\" allow=\"accelerometer; autoplay; clipboard-write; encrypted-media; gyroscope; picture-in-picture; web-share\" allowfullscreen><\/iframe>\n<\/div><\/figure>\n\n\n\n<p>Beni tan\u0131yanlar biliyor, tan\u0131mayanlar da 23 Nisan&#8217;da yay\u0131nlad\u0131\u011f\u0131m foto\u011fraftaki g\u00f6mlek yakalar\u0131ndan, kravatlardan, sa\u00e7 modellerinden ve tabii ki foto\u011fraf\u0131n m\u00fctevaz\u0131 renklerinden ya\u015f\u0131m\u0131 ba\u015f\u0131m\u0131 tahmin etmi\u015ftir. Nada 1969 y\u0131l\u0131nda 30 Ocak-1 \u015eubat tarihlerinde yap\u0131lan San Remo&#8217;da bu \u015fark\u0131y\u0131 s\u00f6ylerken ben de annemin karn\u0131nda geli\u015fimimi tamamlam\u0131\u015f, heyecanla \u00e7\u0131kmay\u0131 bekliyor, \u015fark\u0131y\u0131 m\u0131r\u0131ldanarak dans ediyordum: Mamma mia,<em> ma che freddo fa!<\/em><\/p>\n\n\n\n<p>Bayram sevincimi anlatt\u0131\u011f\u0131m yaz\u0131m\u0131n sat\u0131r aralar\u0131nda sa\u00e7lar\u0131m\u0131 uzun zamand\u0131r kestirememi\u015f olmam\u0131n h\u00fczn\u00fc gizliydi, fark etmi\u015fsinizdir. Ge\u00e7en yaz<em> Kar\u015f\u0131 Pencere <\/em>modeli kestirmi\u015ftim, Giovanna Mezzogiorno gibi bir a\u00e7\u0131k bir toplu kullanarak idare ediyorum ka\u00e7  zamand\u0131r ama birka\u00e7 ay daha kestiremezsem Nada Malanima olaca\u011f\u0131m kesin. <\/p>\n\n\n\n<p>Ruhumda bir k\u00f6t\u00fcle\u015fme (mal-anima) zaten var!<\/p>\n\n\n\n<div class=\"wp-block-image\"><figure class=\"aligncenter size-large is-resized\"><img decoding=\"async\" loading=\"lazy\" src=\"http:\/\/www.italianoconulgen.com\/wp-content\/uploads\/2021\/04\/cute-cartoon-girl-long-hair-character-portrait-design-vector-illustration-cute-cartoon-girl-long-hair-character-portrait-design-204394149.jpg\" alt=\"\" class=\"wp-image-10448\" width=\"109\" height=\"109\" srcset=\"http:\/\/www.italianoconulgen.com\/wp-content\/uploads\/2021\/04\/cute-cartoon-girl-long-hair-character-portrait-design-vector-illustration-cute-cartoon-girl-long-hair-character-portrait-design-204394149.jpg 800w, http:\/\/www.italianoconulgen.com\/wp-content\/uploads\/2021\/04\/cute-cartoon-girl-long-hair-character-portrait-design-vector-illustration-cute-cartoon-girl-long-hair-character-portrait-design-204394149-300x300.jpg 300w, http:\/\/www.italianoconulgen.com\/wp-content\/uploads\/2021\/04\/cute-cartoon-girl-long-hair-character-portrait-design-vector-illustration-cute-cartoon-girl-long-hair-character-portrait-design-204394149-150x150.jpg 150w, http:\/\/www.italianoconulgen.com\/wp-content\/uploads\/2021\/04\/cute-cartoon-girl-long-hair-character-portrait-design-vector-illustration-cute-cartoon-girl-long-hair-character-portrait-design-204394149-768x768.jpg 768w\" sizes=\"(max-width: 109px) 100vw, 109px\" \/><\/figure><\/div>\n\n\n\n<p><\/p>\n","protected":false},"excerpt":{"rendered":"<p>Hava ne so\u011fuk! Burada art\u0131k so\u011fuk de\u011fil ama bug\u00fcn payla\u015fmak istedi\u011fim \u015fark\u0131n\u0131n ad\u0131 bu! Netflix&#8217;te bir \u0130talyan filmleri bombardman\u0131 var ve ben bombardamento sonras\u0131 bir ev d\u00fczeninde ve k\u0131l\u0131kta uno dopo l&#8217;altro (art arda) bu filmleri izliyorum. \u0130yi geliyor, size de \u00f6neririm! D\u00fcn izledi\u011fim Fidanzato per mia moglie (E\u015fime Sevgili Aran\u0131yor) adl\u0131 filmin erkek ba\u015frol &hellip; <a href=\"http:\/\/www.italianoconulgen.com\/index.php\/2021\/04\/26\/ma-che-freddo-fa\/\" class=\"more-link\">Okumaya devam et <span class=\"screen-reader-text\">Ma che freddo fa<\/span><\/a><\/p>\n","protected":false},"author":2,"featured_media":0,"comment_status":"open","ping_status":"open","sticky":false,"template":"","format":"standard","meta":[],"categories":[9,7],"tags":[],"_links":{"self":[{"href":"http:\/\/www.italianoconulgen.com\/index.php\/wp-json\/wp\/v2\/posts\/10446"}],"collection":[{"href":"http:\/\/www.italianoconulgen.com\/index.php\/wp-json\/wp\/v2\/posts"}],"about":[{"href":"http:\/\/www.italianoconulgen.com\/index.php\/wp-json\/wp\/v2\/types\/post"}],"author":[{"embeddable":true,"href":"http:\/\/www.italianoconulgen.com\/index.php\/wp-json\/wp\/v2\/users\/2"}],"replies":[{"embeddable":true,"href":"http:\/\/www.italianoconulgen.com\/index.php\/wp-json\/wp\/v2\/comments?post=10446"}],"version-history":[{"count":10,"href":"http:\/\/www.italianoconulgen.com\/index.php\/wp-json\/wp\/v2\/posts\/10446\/revisions"}],"predecessor-version":[{"id":10903,"href":"http:\/\/www.italianoconulgen.com\/index.php\/wp-json\/wp\/v2\/posts\/10446\/revisions\/10903"}],"wp:attachment":[{"href":"http:\/\/www.italianoconulgen.com\/index.php\/wp-json\/wp\/v2\/media?parent=10446"}],"wp:term":[{"taxonomy":"category","embeddable":true,"href":"http:\/\/www.italianoconulgen.com\/index.php\/wp-json\/wp\/v2\/categories?post=10446"},{"taxonomy":"post_tag","embeddable":true,"href":"http:\/\/www.italianoconulgen.com\/index.php\/wp-json\/wp\/v2\/tags?post=10446"}],"curies":[{"name":"wp","href":"https:\/\/api.w.org\/{rel}","templated":true}]}}