{"id":10453,"date":"2021-04-30T09:54:32","date_gmt":"2021-04-30T09:54:32","guid":{"rendered":"http:\/\/www.italianoconulgen.com\/?p=10453"},"modified":"2022-03-20T13:39:09","modified_gmt":"2022-03-20T13:39:09","slug":"gli-occhi-gonfi","status":"publish","type":"post","link":"http:\/\/www.italianoconulgen.com\/index.php\/2021\/04\/30\/gli-occhi-gonfi\/","title":{"rendered":"Gli occhi gonfi"},"content":{"rendered":"\n<p><em>\u015ei\u015f g\u00f6zler!<\/em><\/p>\n\n\n\n<p>Bir haftal\u0131k k\u00fc\u00e7\u00fck bir erteleme ile GM Diyetimizi yapt\u0131k Dilek ile, aram\u0131zdaki yedi saat farka ra\u011fmen gayet senkronize, yo\u011fun bir payla\u015f\u0131m ve motivasyon atmosferinde. <strong><em>Rinvio<\/em><\/strong> (erteleme) talebi benden geldi, diyet haftam\u0131z e\u015fi (benim de can\u0131m kuzenim) Bekir&#8217;in do\u011fum g\u00fcn\u00fc ile \u00e7ak\u0131\u015facakt\u0131. Malum monoton g\u00fcnler ya\u015farken keyifle kutlama yaps\u0131nlar, rahat\u00e7a pasta yesinler istedim. \u015eartm\u0131\u015f gibi de pazartesi g\u00fcn\u00fcn\u00fc bekledik.<\/p>\n\n\n\n<p>Bekir diyetimizin i\u00e7eri\u011fini g\u00f6r\u00fcnce &#8220;Anam babam usul\u00fc oru\u00e7 tutayd\u0131n\u0131z bari, hayra ge\u00e7erdi&#8221; demi\u015f. Hepimiz gibi saatlerce nostaljik telefonlar konu\u015fmalar\u0131 yapan, <strong><em>l&#8217;infanzia<\/em><\/strong> (\u00e7ocukluk) an\u0131lar\u0131n\u0131n dibini bulan anam ve babas\u0131 karde\u015fler pek g\u00fcld\u00fc bu yoruma!<\/p>\n\n\n\n<div class=\"wp-block-image\"><figure class=\"alignright size-large is-resized\"><img decoding=\"async\" loading=\"lazy\" src=\"http:\/\/www.italianoconulgen.com\/wp-content\/uploads\/2021\/04\/allergies.jpg\" alt=\"\" class=\"wp-image-10454\" width=\"99\" height=\"99\" srcset=\"http:\/\/www.italianoconulgen.com\/wp-content\/uploads\/2021\/04\/allergies.jpg 400w, http:\/\/www.italianoconulgen.com\/wp-content\/uploads\/2021\/04\/allergies-300x300.jpg 300w, http:\/\/www.italianoconulgen.com\/wp-content\/uploads\/2021\/04\/allergies-150x150.jpg 150w\" sizes=\"(max-width: 99px) 100vw, 99px\" \/><\/figure><\/div>\n\n\n\n<p><strong><em>Il filosofo della famiglia<\/em><\/strong> (ailenin filozofu) Bekir&#8217;in her duruma g\u00f6re an\u0131nda yap\u0131\u015ft\u0131rd\u0131\u011f\u0131, derin anlamlar i\u00e7eren \u00f6zl\u00fc s\u00f6zleri vard\u0131r. Ortaokul ve lise y\u0131llar\u0131nda sa\u00e7 kestirdikten sonra hep a\u011flard\u0131m \u00e7ok k\u0131sa oldu diye. <em>K\u00f6k\u00fc sende, uzar nas\u0131l olsa<\/em> teselli s\u00f6zc\u00fckleri avutmazd\u0131 yaral\u0131 y\u00fcre\u011fimi. Bir g\u00fcn kuaf\u00f6re giderken Bekir&#8217;e sormu\u015ftum nas\u0131l kestireyim diye. Tek derdi g\u00fczelle\u015fmek olan bir ergen olarak bir erkek g\u00f6r\u00fc\u015f\u00fc almaya ihtiya\u00e7 duymu\u015fum demek ki. <em>Bilmem ama \u015fi\u015f g\u00f6zlere yak\u0131\u015f\u0131r bir model olsun<\/em> dedi Bekir an\u0131nda.<\/p>\n\n\n\n<p>Derken nas\u0131l oldu anlamadan k\u0131rk ya\u015f\u0131na geldim ve do\u011fum g\u00fcn\u00fc yeme\u011fi \u00f6ncesinde f\u00f6n \u00e7ektirmek \u00fczere kuaf\u00f6re gittim. <em>\u00c7ok uzam\u0131\u015f, ucundan az\u0131c\u0131k al istersen <\/em>dedim kuaf\u00f6r\u00fcme ve \u00e7ok k\u0131saltmamas\u0131n\u0131 tembihledim her zamanki gibi. O kesmeye ba\u015flay\u0131nca da ne\u015feyle anlatmaya ba\u015flad\u0131m: Biliyor musun, ben eskiden her sa\u00e7 kestirdi\u011fimde a\u011flard\u0131m!<\/p>\n\n\n\n<p>Bir yandan g\u00fcl\u00fc\u015f\u00fcyoruz, bir yandan sa\u00e7lar\u0131m kesiliyordu..<\/p>\n\n\n\n<p>Ben o komik hallerimi anlatt\u0131k\u00e7a anlatt\u0131m, o da kestik\u00e7e kesti. Bir ara durup aynaya bakt\u0131\u011f\u0131mda bende ani bir <strong><em>stato d&#8217;animo<\/em><\/strong> (ruh hali) de\u011fi\u015fimi oldu ve g\u00f6zlerim doldu. Kendimi telkin etmeye \u00e7al\u0131\u015ft\u0131m s\u00fcrekli <em>koca k\u0131z oldun a\u011flan\u0131r m\u0131 buna, k\u00f6k\u00fc sende <\/em>diye. Kuaf\u00f6r ekibi bana s\u00fcrpriz pasta alm\u0131\u015f, mumu yeni \u00fcflemi\u015fim, ne kadar ay\u0131p oldu\u011funu bilsem de frenleyemedim g\u00f6zya\u015flar\u0131m\u0131 ve pasta taba\u011f\u0131m\u0131n yan\u0131ndaki pe\u00e7eteye a\u011fz\u0131m\u0131 de\u011fil g\u00f6zlerimi sildim maalesef. <\/p>\n\n\n\n<p>Ve ben k\u0131rk ya\u015f\u0131ma, \u015fi\u015f g\u00f6zlere yak\u0131\u015fmayan bir sa\u00e7 modeliyle bir kurba\u011fa g\u00f6r\u00fcnt\u00fcs\u00fcnde girdim.<\/p>\n\n\n\n<p><strong><em>Nel passato<\/em><\/strong> (eskiden) sa\u00e7\u0131n\u0131 kestirdi\u011finde a\u011flayan ben, \u015fimdi tersine d\u00f6nen bu d\u00fcnyada sa\u00e7lar\u0131m\u0131 kestiremedi\u011fim i\u00e7in a\u011fl\u0131yorum ve bu anlams\u0131z uzun  sa\u00e7lar\u0131m \u015fi\u015f g\u00f6zlerime hi\u00e7 mi hi\u00e7 yak\u0131\u015fm\u0131yor!<\/p>\n\n\n\n<div class=\"wp-block-image\"><figure class=\"aligncenter size-large is-resized\"><img decoding=\"async\" loading=\"lazy\" src=\"http:\/\/www.italianoconulgen.com\/wp-content\/uploads\/2021\/04\/99acd6bd7373f0961153ba1baf1293cfb0aa2f52-1000x700-1.png\" alt=\"\" class=\"wp-image-10455\" width=\"242\" height=\"169\" srcset=\"http:\/\/www.italianoconulgen.com\/wp-content\/uploads\/2021\/04\/99acd6bd7373f0961153ba1baf1293cfb0aa2f52-1000x700-1.png 500w, http:\/\/www.italianoconulgen.com\/wp-content\/uploads\/2021\/04\/99acd6bd7373f0961153ba1baf1293cfb0aa2f52-1000x700-1-300x210.png 300w\" sizes=\"(max-width: 242px) 100vw, 242px\" \/><\/figure><\/div>\n\n\n\n<p><\/p>\n","protected":false},"excerpt":{"rendered":"<p>\u015ei\u015f g\u00f6zler! Bir haftal\u0131k k\u00fc\u00e7\u00fck bir erteleme ile GM Diyetimizi yapt\u0131k Dilek ile, aram\u0131zdaki yedi saat farka ra\u011fmen gayet senkronize, yo\u011fun bir payla\u015f\u0131m ve motivasyon atmosferinde. Rinvio (erteleme) talebi benden geldi, diyet haftam\u0131z e\u015fi (benim de can\u0131m kuzenim) Bekir&#8217;in do\u011fum g\u00fcn\u00fc ile \u00e7ak\u0131\u015facakt\u0131. Malum monoton g\u00fcnler ya\u015farken keyifle kutlama yaps\u0131nlar, rahat\u00e7a pasta yesinler istedim. \u015eartm\u0131\u015f &hellip; <a href=\"http:\/\/www.italianoconulgen.com\/index.php\/2021\/04\/30\/gli-occhi-gonfi\/\" class=\"more-link\">Okumaya devam et <span class=\"screen-reader-text\">Gli occhi gonfi<\/span><\/a><\/p>\n","protected":false},"author":2,"featured_media":0,"comment_status":"open","ping_status":"open","sticky":false,"template":"","format":"standard","meta":[],"categories":[9,7],"tags":[],"_links":{"self":[{"href":"http:\/\/www.italianoconulgen.com\/index.php\/wp-json\/wp\/v2\/posts\/10453"}],"collection":[{"href":"http:\/\/www.italianoconulgen.com\/index.php\/wp-json\/wp\/v2\/posts"}],"about":[{"href":"http:\/\/www.italianoconulgen.com\/index.php\/wp-json\/wp\/v2\/types\/post"}],"author":[{"embeddable":true,"href":"http:\/\/www.italianoconulgen.com\/index.php\/wp-json\/wp\/v2\/users\/2"}],"replies":[{"embeddable":true,"href":"http:\/\/www.italianoconulgen.com\/index.php\/wp-json\/wp\/v2\/comments?post=10453"}],"version-history":[{"count":6,"href":"http:\/\/www.italianoconulgen.com\/index.php\/wp-json\/wp\/v2\/posts\/10453\/revisions"}],"predecessor-version":[{"id":10744,"href":"http:\/\/www.italianoconulgen.com\/index.php\/wp-json\/wp\/v2\/posts\/10453\/revisions\/10744"}],"wp:attachment":[{"href":"http:\/\/www.italianoconulgen.com\/index.php\/wp-json\/wp\/v2\/media?parent=10453"}],"wp:term":[{"taxonomy":"category","embeddable":true,"href":"http:\/\/www.italianoconulgen.com\/index.php\/wp-json\/wp\/v2\/categories?post=10453"},{"taxonomy":"post_tag","embeddable":true,"href":"http:\/\/www.italianoconulgen.com\/index.php\/wp-json\/wp\/v2\/tags?post=10453"}],"curies":[{"name":"wp","href":"https:\/\/api.w.org\/{rel}","templated":true}]}}