{"id":10508,"date":"2021-05-12T06:41:38","date_gmt":"2021-05-12T06:41:38","guid":{"rendered":"http:\/\/www.italianoconulgen.com\/?p=10508"},"modified":"2022-02-07T09:21:03","modified_gmt":"2022-02-07T09:21:03","slug":"i-genovesi-blu","status":"publish","type":"post","link":"http:\/\/www.italianoconulgen.com\/index.php\/2021\/05\/12\/i-genovesi-blu\/","title":{"rendered":"I genovesi blu"},"content":{"rendered":"\n<p><em>Mavi Cenevizliler!<\/em><\/p>\n\n\n\n<p>Bu ay \u0130talya&#8217;da bir dil okulunun seminerine kat\u0131l\u0131yorum. Kuzeyden g\u00fcneye bir \u0130talya yolculu\u011fu ama \u015fark\u0131lar, \u015fark\u0131c\u0131lar \u00fczerinden. Her hafta \u00fc\u00e7 \u015fehir, \u00fc\u00e7 \u015fark\u0131c\u0131, bu \u015fehirlerin anlat\u0131ld\u0131\u011f\u0131 \u00fc\u00e7 \u015fark\u0131, \u015fark\u0131lar\u0131n s\u00f6zleri ve s\u00f6zler \u00fczerinde gramer ve kelime \u00e7al\u0131\u015fmas\u0131. Bir ayda on iki \u015fehri bu \u015fekilde gezece\u011fiz, bir ta\u015fla <strong><em>quanti uccelli<\/em><\/strong> (ka\u00e7 ku\u015f)!<\/p>\n\n\n\n<p><strong><em>La settimana scorsa <\/em><\/strong>(ge\u00e7en hafta) Venedik, Milano ve Torino vard\u0131, d\u00fcn ise Cenova, Bologna ve Floransa. Tatl\u0131 \u00f6\u011fretmenimiz de Cenoval\u0131 olunca Cristoforo Colombo&#8217;nun memleketi Cenova daha bir kapsaml\u0131 ve co\u015fkulu anlat\u0131ld\u0131.<\/p>\n\n\n\n<div class=\"wp-block-image\"><figure class=\"alignright size-large is-resized\"><img decoding=\"async\" loading=\"lazy\" src=\"http:\/\/www.italianoconulgen.com\/wp-content\/uploads\/2021\/05\/colours-of-genoa-7-sur-12-1024x768.jpg\" alt=\"\" class=\"wp-image-10513\" width=\"125\" height=\"93\" srcset=\"http:\/\/www.italianoconulgen.com\/wp-content\/uploads\/2021\/05\/colours-of-genoa-7-sur-12-1024x768.jpg 1024w, http:\/\/www.italianoconulgen.com\/wp-content\/uploads\/2021\/05\/colours-of-genoa-7-sur-12-300x225.jpg 300w, http:\/\/www.italianoconulgen.com\/wp-content\/uploads\/2021\/05\/colours-of-genoa-7-sur-12-768x576.jpg 768w, http:\/\/www.italianoconulgen.com\/wp-content\/uploads\/2021\/05\/colours-of-genoa-7-sur-12-1536x1152.jpg 1536w, http:\/\/www.italianoconulgen.com\/wp-content\/uploads\/2021\/05\/colours-of-genoa-7-sur-12-2048x1536.jpg 2048w\" sizes=\"(max-width: 125px) 100vw, 125px\" \/><\/figure><\/div>\n\n\n\n<p><strong><em>Anni fa<\/em><\/strong> (y\u0131llar \u00f6nce) Cenova&#8217;da bir tur rehberinin anlatt\u0131klar\u0131n\u0131 hat\u0131rlad\u0131m hayal meyal. Cenova&#8217;da panjurlar\u0131n neden \u00e7ivit mavisi oldu\u011funu anlatm\u0131\u015ft\u0131, bu renkten korkan hayvanlar\u0131n veya b\u00f6ceklerin girmesini \u00f6nlemek i\u00e7in gibi kalm\u0131\u015f akl\u0131mda. Akrep miydi acep? D\u00fcn bunun bahsi ge\u00e7medi ama Cenova&#8217;n\u0131n mavi panjurlar\u0131 me\u015fhurdur.<\/p>\n\n\n\n<p>Ancak, k\u0131sac\u0131k de\u011finilen ba\u015fka bir maviyi anlatmak istiyorum. <\/p>\n\n\n\n<div class=\"wp-block-image\"><figure class=\"alignleft size-large is-resized\"><img decoding=\"async\" loading=\"lazy\" src=\"http:\/\/www.italianoconulgen.com\/wp-content\/uploads\/2021\/05\/jeans-constanza-rojas-1.jpg\" alt=\"\" class=\"wp-image-10512\" width=\"182\" height=\"118\" srcset=\"http:\/\/www.italianoconulgen.com\/wp-content\/uploads\/2021\/05\/jeans-constanza-rojas-1.jpg 623w, http:\/\/www.italianoconulgen.com\/wp-content\/uploads\/2021\/05\/jeans-constanza-rojas-1-300x195.jpg 300w\" sizes=\"(max-width: 182px) 100vw, 182px\" \/><\/figure><\/div>\n\n\n\n<p>Genova&#8217;da gezinirken, \u00fczerindeki kot pantolonun kuma\u015f\u0131n\u0131n bu \u015fehirden \u00e7\u0131kt\u0131\u011f\u0131n\u0131 bilmez bir\u00e7ok turist.<strong><em> Nel quindicesimo secolo<\/em><\/strong> (on be\u015finci y\u00fczy\u0131lda) Genoval\u0131 gemi yap\u0131mc\u0131lar\u0131 ve t\u00fcccarlar, mallar\u0131n\u0131 korumak amac\u0131yla yelken yap\u0131m\u0131nda kullanmak i\u00e7in kal\u0131n ve dayan\u0131kl\u0131 olan bu kuma\u015f\u0131 kullanm\u0131\u015flar. <\/p>\n\n\n\n<p><em><strong>Il tessuto<\/strong><\/em> (kuma\u015f) Fransa&#8217;n\u0131n Nimes \u015fehrinde \u00fcretildi\u011fi i\u00e7in <em>denim<\/em> ad\u0131n\u0131 alm\u0131\u015f ve Hindistan&#8217;dan gelen indigo bitkisi (\u00e7ivit otu) boyas\u0131 ile mavi renge boyanarak i\u015f k\u0131yafetlerinde de kullan\u0131lm\u0131\u015f. Frans\u0131zca bleu de G\u00eanes (Genova mavisi) ad\u0131yla ihra\u00e7 edilmeye ve dolay\u0131s\u0131yla d\u00fcnyada tan\u0131nmaya ba\u015flam\u0131\u015f.<\/p>\n\n\n\n<p>1800&#8217;l\u00fc y\u0131llarda bir t\u00fcccar\u0131n Amerika&#8217;ya <em>bleu de G\u00eanes<\/em> kuma\u015f\u0131yla \u00fcretilen pantolonlar g\u00f6ndermesiyle<em> blue jean<\/em> ser\u00fcveni ba\u015fl\u0131yor. Amerika&#8217;da alt\u0131n aray\u0131c\u0131lar\u0131n\u0131n taleplerine g\u00f6re bol cepli olarak tasarlanan pantolonlar, 1873 y\u0131l\u0131nda Levi Strauss ve Jacob Davis taraf\u0131ndan ke\u015ffediliyor ve patenti al\u0131n\u0131yor. <\/p>\n\n\n\n<p>Kovboy filmleri ile me\u015fhur olan denim pantolonlar, II. D\u00fcnya Sava\u015f\u0131 sonras\u0131nda gen\u00e7ler aras\u0131nda yayg\u0131nla\u015fmaya ba\u015flad\u0131. \u0130talya&#8217;da ise i\u015f yerlerinde yaln\u0131zca i\u015f\u00e7iler taraf\u0131ndan giyiliyordu, \u015firket y\u00f6neticilerinin ve \u00e7al\u0131\u015fanlar\u0131n giymesi yasakt\u0131. Fiat&#8217;\u0131n kurucusu Gianni Agnelli i\u015f ortam\u0131nda denim pantolonla g\u00f6r\u00fcnd\u00fckten sonra halk aras\u0131nda da yayg\u0131nla\u015ft\u0131.<\/p>\n\n\n\n<div class=\"wp-block-image\"><figure class=\"alignleft size-large is-resized\"><img decoding=\"async\" loading=\"lazy\" src=\"http:\/\/www.italianoconulgen.com\/wp-content\/uploads\/2021\/05\/3912.png_300.png\" alt=\"\" class=\"wp-image-10509\" width=\"116\" height=\"116\" srcset=\"http:\/\/www.italianoconulgen.com\/wp-content\/uploads\/2021\/05\/3912.png_300.png 300w, http:\/\/www.italianoconulgen.com\/wp-content\/uploads\/2021\/05\/3912.png_300-150x150.png 150w\" sizes=\"(max-width: 116px) 100vw, 116px\" \/><\/figure><\/div>\n\n\n\n<p>\u0130kinci <em>derim<\/em> olan <em>denim<\/em> kuma\u015f\u0131 da ikinci vatan\u0131m \u0130talya&#8217;ya ba\u011flad\u0131m, daha ne <em>derim<\/em> ki \u015fu arife g\u00fcn\u00fc!<\/p>\n\n\n\n<p>Hayat\u0131ma <strong><em>una novit<em>\u00e0<\/em><\/em><\/strong>&nbsp;(bir yenilik) getirmek i\u00e7in sa\u00e7lar\u0131m\u0131 eflatuna boyayas\u0131m geldi, resimdeki k\u0131zla aramdaki tek fark o \u015fu an..<\/p>\n\n\n\n<p>Bir mavi de denizde olurdu hat\u0131rlad\u0131\u011f\u0131m kadar\u0131yla, k\u0131smetse g\u00f6r\u00fcr\u00fcz bu yaz!<\/p>\n","protected":false},"excerpt":{"rendered":"<p>Mavi Cenevizliler! Bu ay \u0130talya&#8217;da bir dil okulunun seminerine kat\u0131l\u0131yorum. Kuzeyden g\u00fcneye bir \u0130talya yolculu\u011fu ama \u015fark\u0131lar, \u015fark\u0131c\u0131lar \u00fczerinden. Her hafta \u00fc\u00e7 \u015fehir, \u00fc\u00e7 \u015fark\u0131c\u0131, bu \u015fehirlerin anlat\u0131ld\u0131\u011f\u0131 \u00fc\u00e7 \u015fark\u0131, \u015fark\u0131lar\u0131n s\u00f6zleri ve s\u00f6zler \u00fczerinde gramer ve kelime \u00e7al\u0131\u015fmas\u0131. Bir ayda on iki \u015fehri bu \u015fekilde gezece\u011fiz, bir ta\u015fla quanti uccelli (ka\u00e7 ku\u015f)! La settimana &hellip; <a href=\"http:\/\/www.italianoconulgen.com\/index.php\/2021\/05\/12\/i-genovesi-blu\/\" class=\"more-link\">Okumaya devam et <span class=\"screen-reader-text\">I genovesi blu<\/span><\/a><\/p>\n","protected":false},"author":2,"featured_media":0,"comment_status":"open","ping_status":"open","sticky":false,"template":"","format":"standard","meta":[],"categories":[9,7,5],"tags":[],"_links":{"self":[{"href":"http:\/\/www.italianoconulgen.com\/index.php\/wp-json\/wp\/v2\/posts\/10508"}],"collection":[{"href":"http:\/\/www.italianoconulgen.com\/index.php\/wp-json\/wp\/v2\/posts"}],"about":[{"href":"http:\/\/www.italianoconulgen.com\/index.php\/wp-json\/wp\/v2\/types\/post"}],"author":[{"embeddable":true,"href":"http:\/\/www.italianoconulgen.com\/index.php\/wp-json\/wp\/v2\/users\/2"}],"replies":[{"embeddable":true,"href":"http:\/\/www.italianoconulgen.com\/index.php\/wp-json\/wp\/v2\/comments?post=10508"}],"version-history":[{"count":11,"href":"http:\/\/www.italianoconulgen.com\/index.php\/wp-json\/wp\/v2\/posts\/10508\/revisions"}],"predecessor-version":[{"id":10743,"href":"http:\/\/www.italianoconulgen.com\/index.php\/wp-json\/wp\/v2\/posts\/10508\/revisions\/10743"}],"wp:attachment":[{"href":"http:\/\/www.italianoconulgen.com\/index.php\/wp-json\/wp\/v2\/media?parent=10508"}],"wp:term":[{"taxonomy":"category","embeddable":true,"href":"http:\/\/www.italianoconulgen.com\/index.php\/wp-json\/wp\/v2\/categories?post=10508"},{"taxonomy":"post_tag","embeddable":true,"href":"http:\/\/www.italianoconulgen.com\/index.php\/wp-json\/wp\/v2\/tags?post=10508"}],"curies":[{"name":"wp","href":"https:\/\/api.w.org\/{rel}","templated":true}]}}