{"id":10584,"date":"2021-05-28T06:51:20","date_gmt":"2021-05-28T06:51:20","guid":{"rendered":"http:\/\/www.italianoconulgen.com\/?p=10584"},"modified":"2021-05-28T07:42:01","modified_gmt":"2021-05-28T07:42:01","slug":"le-donne-e-le-loro-gonne","status":"publish","type":"post","link":"http:\/\/www.italianoconulgen.com\/index.php\/2021\/05\/28\/le-donne-e-le-loro-gonne\/","title":{"rendered":"Le donne e le loro gonne"},"content":{"rendered":"\n<p><em>Kad\u0131nlar ve etekleri<\/em><\/p>\n\n\n\n<p>Ben b\u00f6yle dejavu g\u00f6rmedim! Ge\u00e7en yaz Ay\u015fe Arman&#8217;\u0131n bir karpuz etekle havada u\u00e7u\u015ftu\u011fu, koronasavar hareketler yapt\u0131\u011f\u0131 foto\u011fraflar\u0131ndan bahsetmi\u015ftim. Yine payla\u015ft\u0131 valla karpuz etekleri zil \u00e7alan bir foto\u011fraf\u0131n\u0131. Bende ise yine pijama! Bana m\u0131 nispet yap\u0131yor coronaya m\u0131 anlamad\u0131m.<\/p>\n\n\n\n<div class=\"wp-block-image\"><figure class=\"alignleft size-large is-resized\"><img decoding=\"async\" loading=\"lazy\" src=\"http:\/\/www.italianoconulgen.com\/wp-content\/uploads\/2020\/08\/efd33c0437f3e27170e85e48dad28995-1.jpg\" alt=\"\" class=\"wp-image-7053\" width=\"100\" height=\"137\" srcset=\"http:\/\/www.italianoconulgen.com\/wp-content\/uploads\/2020\/08\/efd33c0437f3e27170e85e48dad28995-1.jpg 669w, http:\/\/www.italianoconulgen.com\/wp-content\/uploads\/2020\/08\/efd33c0437f3e27170e85e48dad28995-1-219x300.jpg 219w\" sizes=\"(max-width: 100px) 100vw, 100px\" \/><\/figure><\/div>\n\n\n\n<p><strong><em>Allora<\/em><\/strong> ben de aynen ay\u00e7i\u00e7ekli etekli\u011fimi giyip canlanmaya \u00e7al\u0131\u015fay\u0131m en iyisi. Yine geldi galiba yaz, ben h\u00e2l\u00e2 yaz ha yaz..<\/p>\n\n\n\n<p>Ama durun bir dakika, bu ge\u00e7en seneki foto\u011fraf! Art\u0131k onun da mecali kalmad\u0131 san\u0131r\u0131m giyinip <em>tak tak\u0131\u015ft\u0131r, s\u00fcr s\u00fcr\u00fc\u015ft\u00fcr<\/em> poz vermeye. Ay\u015fe&#8217;de bile bu enerji ve performans d\u00fc\u015f\u00fc\u015f\u00fc varsa ben ne haldeyim d\u00fc\u015f\u00fcn\u00fcn. Mecalsiz olabilirim ama \u00e7ok dikkatliyimdir, ka\u00e7mad\u0131 g\u00f6z\u00fcmden yeni de\u011fil bu foto\u011fraf!<\/p>\n\n\n\n<p>Karpuz \u00e7\u0131kt\u0131 m\u0131, ay\u00e7i\u00e7ekleri ne durumda haberim yok inan\u0131n. Kendime ayr\u0131 bir d\u00fcnya kurdum, her pazartesi<strong><em> verso la sera <\/em><\/strong>(ak\u015fam\u00fcst\u00fc) toplant\u0131lar\u0131na kat\u0131ld\u0131\u011f\u0131m bir \u0130talyanca kitap kul\u00fcb\u00fc buldum Venedik&#8217;te. G\u00fcnlerim Antonio Tabucchi okumakla ge\u00e7iyor. Anl\u0131yorum <em>tabu ki<\/em> ne sand\u0131n\u0131z, kiminle dans etti\u011finizi san\u0131yorsunuz?<\/p>\n\n\n\n<p>Anlamasam bile her hafta ders s\u0131ras\u0131nda \u00f6\u011fretmenimizin evinin yak\u0131n\u0131ndaki kilisede \u00e7almaya ba\u015flayan \u00e7an seslerinin verdi\u011fi huzur bile yeter yani. <em>Adaletin bu mu d\u00fcnya <\/em>diyorum bir kez daha. Onda ahenkle \u00e7alan <strong><em>campane<\/em><\/strong> (\u00e7anlar), bende corona dualar\u0131 ve selalar\u0131 (art\u0131k yok \u015f\u00fck\u00fcr), tedbir uyar\u0131lar\u0131, per\u015fembe selas\u0131 ve di\u011fer selalar, \u015fahadetleri dinin temeli ezanlar. Bir de huzur \u0130slamda derler!<\/p>\n\n\n\n<p><em><strong>Il nostro insegnante<\/strong><\/em> (\u00f6\u011fretmenimiz) Alberto Bettin felsefe okumu\u015f ama ayn\u0131 zamanda konservatuarl\u0131 bir m\u00fczisyen. Dinlemek isterseniz Spotify&#8217;dan alb\u00fcm\u00fcne ula\u015fabilirsiniz, ikinci alb\u00fcm\u00fc de yoldaym\u0131\u015f. Ba\u015fka bir g\u00fcn de <strong><em>canzoni<\/em><\/strong> (\u015fark\u0131lar) kursuna kaydoldum. Hem \u0130talya&#8217;n\u0131n m\u00fczik tarihinde bir yolculuk yap\u0131yoruz hem de onun tatl\u0131 sesinden bir \u015feyler dinliyoruz. <\/p>\n\n\n\n<p><strong><em>Valore aggiunto<\/em><\/strong> (katma de\u011fer) olarak da arka planda birka\u00e7 dakika kilise \u00e7anlar\u0131!<\/p>\n\n\n\n<p><\/p>\n\n\n\n<figure class=\"wp-block-embed-youtube wp-block-embed is-type-video is-provider-youtube wp-embed-aspect-16-9 wp-has-aspect-ratio\"><div class=\"wp-block-embed__wrapper\">\n<iframe loading=\"lazy\" title=\"Campane di Venezia - Chiesa di S. Alvise\" width=\"660\" height=\"371\" src=\"https:\/\/www.youtube.com\/embed\/XCtAFtqt2oY?feature=oembed\" frameborder=\"0\" allow=\"accelerometer; autoplay; clipboard-write; encrypted-media; gyroscope; picture-in-picture\" allowfullscreen><\/iframe>\n<\/div><\/figure>\n\n\n\n<p><strong>Not:<\/strong> Bu yaz\u0131m\u0131n m\u00fcbarek cuma g\u00fcn\u00fcne denk d\u00fc\u015fmesi talihsiz bir tesad\u00fcf oldu, <strong><em>chiedo scusa.<\/em><\/strong> (\u00f6z\u00fcr dilerim). Ama o vesileyle Hay\u0131rl\u0131 Cumalar dilerim c\u00fcmlenize..<\/p>\n\n\n\n<p><\/p>\n\n\n\n<div class=\"wp-block-image\"><figure class=\"aligncenter size-large is-resized\"><img decoding=\"async\" loading=\"lazy\" src=\"http:\/\/www.italianoconulgen.com\/wp-content\/uploads\/2021\/05\/d20ctmc-78c32fb9-a41f-49f5-ba96-b24b9026d28e.jpg\" alt=\"\" class=\"wp-image-10602\" width=\"101\" height=\"119\" srcset=\"http:\/\/www.italianoconulgen.com\/wp-content\/uploads\/2021\/05\/d20ctmc-78c32fb9-a41f-49f5-ba96-b24b9026d28e.jpg 776w, http:\/\/www.italianoconulgen.com\/wp-content\/uploads\/2021\/05\/d20ctmc-78c32fb9-a41f-49f5-ba96-b24b9026d28e-254x300.jpg 254w, http:\/\/www.italianoconulgen.com\/wp-content\/uploads\/2021\/05\/d20ctmc-78c32fb9-a41f-49f5-ba96-b24b9026d28e-768x906.jpg 768w\" sizes=\"(max-width: 101px) 100vw, 101px\" \/><\/figure><\/div>\n","protected":false},"excerpt":{"rendered":"<p>Kad\u0131nlar ve etekleri Ben b\u00f6yle dejavu g\u00f6rmedim! Ge\u00e7en yaz Ay\u015fe Arman&#8217;\u0131n bir karpuz etekle havada u\u00e7u\u015ftu\u011fu, koronasavar hareketler yapt\u0131\u011f\u0131 foto\u011fraflar\u0131ndan bahsetmi\u015ftim. Yine payla\u015ft\u0131 valla karpuz etekleri zil \u00e7alan bir foto\u011fraf\u0131n\u0131. Bende ise yine pijama! Bana m\u0131 nispet yap\u0131yor coronaya m\u0131 anlamad\u0131m. Allora ben de aynen ay\u00e7i\u00e7ekli etekli\u011fimi giyip canlanmaya \u00e7al\u0131\u015fay\u0131m en iyisi. Yine geldi galiba &hellip; <a href=\"http:\/\/www.italianoconulgen.com\/index.php\/2021\/05\/28\/le-donne-e-le-loro-gonne\/\" class=\"more-link\">Okumaya devam et <span class=\"screen-reader-text\">Le donne e le loro gonne<\/span><\/a><\/p>\n","protected":false},"author":2,"featured_media":0,"comment_status":"open","ping_status":"open","sticky":false,"template":"","format":"standard","meta":[],"categories":[9,7],"tags":[],"_links":{"self":[{"href":"http:\/\/www.italianoconulgen.com\/index.php\/wp-json\/wp\/v2\/posts\/10584"}],"collection":[{"href":"http:\/\/www.italianoconulgen.com\/index.php\/wp-json\/wp\/v2\/posts"}],"about":[{"href":"http:\/\/www.italianoconulgen.com\/index.php\/wp-json\/wp\/v2\/types\/post"}],"author":[{"embeddable":true,"href":"http:\/\/www.italianoconulgen.com\/index.php\/wp-json\/wp\/v2\/users\/2"}],"replies":[{"embeddable":true,"href":"http:\/\/www.italianoconulgen.com\/index.php\/wp-json\/wp\/v2\/comments?post=10584"}],"version-history":[{"count":21,"href":"http:\/\/www.italianoconulgen.com\/index.php\/wp-json\/wp\/v2\/posts\/10584\/revisions"}],"predecessor-version":[{"id":10610,"href":"http:\/\/www.italianoconulgen.com\/index.php\/wp-json\/wp\/v2\/posts\/10584\/revisions\/10610"}],"wp:attachment":[{"href":"http:\/\/www.italianoconulgen.com\/index.php\/wp-json\/wp\/v2\/media?parent=10584"}],"wp:term":[{"taxonomy":"category","embeddable":true,"href":"http:\/\/www.italianoconulgen.com\/index.php\/wp-json\/wp\/v2\/categories?post=10584"},{"taxonomy":"post_tag","embeddable":true,"href":"http:\/\/www.italianoconulgen.com\/index.php\/wp-json\/wp\/v2\/tags?post=10584"}],"curies":[{"name":"wp","href":"https:\/\/api.w.org\/{rel}","templated":true}]}}