{"id":10611,"date":"2021-06-04T09:31:41","date_gmt":"2021-06-04T09:31:41","guid":{"rendered":"http:\/\/www.italianoconulgen.com\/?p=10611"},"modified":"2021-06-04T19:56:24","modified_gmt":"2021-06-04T19:56:24","slug":"buchette-del-vino","status":"publish","type":"post","link":"http:\/\/www.italianoconulgen.com\/index.php\/2021\/06\/04\/buchette-del-vino\/","title":{"rendered":"Buchette del vino"},"content":{"rendered":"\n<p><em>\u015earap pencereleri!<\/em><\/p>\n\n\n\n<div class=\"wp-block-image\"><figure class=\"alignright size-large is-resized\"><img decoding=\"async\" loading=\"lazy\" src=\"http:\/\/www.italianoconulgen.com\/wp-content\/uploads\/2021\/06\/love-heart-to-the-fleur-de-lis-of-drawing_csp28210192.jpg\" alt=\"\" class=\"wp-image-10647\" width=\"104\" height=\"102\" srcset=\"http:\/\/www.italianoconulgen.com\/wp-content\/uploads\/2021\/06\/love-heart-to-the-fleur-de-lis-of-drawing_csp28210192.jpg 486w, http:\/\/www.italianoconulgen.com\/wp-content\/uploads\/2021\/06\/love-heart-to-the-fleur-de-lis-of-drawing_csp28210192-300x294.jpg 300w\" sizes=\"(max-width: 104px) 100vw, 104px\" \/><\/figure><\/div>\n\n\n\n<p>Kelime anlam\u0131na bakacak olursak <em>k\u00fc\u00e7\u00fck \u015farap delikleri! <\/em><\/p>\n\n\n\n<p>Ben bo\u015f yere \u015fu anda Floransa&#8217;da olmak vard\u0131 diye methiyeler yazmad\u0131m ad\u0131 <em>\u00e7i\u00e7ek a\u00e7an<\/em> anlam\u0131ndaki <strong><em>fiorente<\/em><\/strong> s\u00f6zc\u00fc\u011f\u00fcnden gelen Floransa \u015fehri i\u00e7in de\u011fil mi? <\/p>\n\n\n\n<p>\u015eu anda Floransa&#8217;da olmak vard\u0131 anas\u0131n\u0131 satay\u0131m, gezerken bir \u015farap penceresinden \u015farab\u0131n\u0131 veya dondurman\u0131 al\u0131p yola devam etmek!<\/p>\n\n\n\n<p>Floransa&#8217;da <em><strong>nei palazzi <\/strong><\/em>(saray gibi g\u00f6rkemli b\u00fcy\u00fck evlerde) ya\u015fayan aristrokrat aileler kendi ba\u011flar\u0131ndan gelen \u00fcz\u00fcmlerden elde ettikleri \u015faraplar\u0131n fazlas\u0131n\u0131 evlerinin duvarlar\u0131ndaki bu k\u00fc\u00e7\u00fck deliklerden halka satarlarm\u0131\u015f. Biraz da o d\u00f6nemde ya\u015fanan ekonomik krizin etkisiyle \u015farap \u00fcretimine y\u00f6nelen ve zaman\u0131nda bu pencerelerden halka sat\u0131\u015f yapan soylu ailelerden baz\u0131lar\u0131 bug\u00fcn Toskana b\u00f6lgesindeki b\u00fcy\u00fck \u015farap \u00fcreticilerinden.<\/p>\n\n\n\n<p><em><strong>Buchette del vino<\/strong><\/em> Kuzey \u0130talya ve Toskana&#8217;y\u0131 1630-1631 y\u0131llar\u0131nda ve G\u00fcney \u0130talya, Lazio ve Cenova&#8217;y\u0131 1656-1657 y\u0131llar\u0131nda vuran ve Milano, Napoli ve Cenova gibi b\u00fcy\u00fck \u015fehirlerin n\u00fcfuslar\u0131n\u0131n neredeyse yar\u0131s\u0131n\u0131 kaybetmesine neden olan nam-\u0131 di\u011fer Kara \u00d6l\u00fcm veba salg\u0131n\u0131nda da bula\u015f\u0131 \u00f6nlemek i\u00e7in yiyecek, i\u00e7ecek, erzak da\u011f\u0131t\u0131m\u0131nda kullan\u0131lm\u0131\u015f.<\/p>\n\n\n\n<div class=\"wp-block-image\"><figure class=\"alignright size-large is-resized\"><img decoding=\"async\" loading=\"lazy\" src=\"http:\/\/www.italianoconulgen.com\/wp-content\/uploads\/2021\/06\/florence-italy-june-view-one-many-iconic-wine-windows-buchette-del-vino-found-facade-buildings-throughout-188369430.jpg\" alt=\"\" class=\"wp-image-10642\" width=\"80\" height=\"121\" srcset=\"http:\/\/www.italianoconulgen.com\/wp-content\/uploads\/2021\/06\/florence-italy-june-view-one-many-iconic-wine-windows-buchette-del-vino-found-facade-buildings-throughout-188369430.jpg 600w, http:\/\/www.italianoconulgen.com\/wp-content\/uploads\/2021\/06\/florence-italy-june-view-one-many-iconic-wine-windows-buchette-del-vino-found-facade-buildings-throughout-188369430-200x300.jpg 200w\" sizes=\"(max-width: 80px) 100vw, 80px\" \/><\/figure><\/div>\n\n\n\n<p>Daha \u00e7ok kap\u0131ya benzeyen bu minik pencerelerin bir\u00e7o\u011fu kapat\u0131lm\u0131\u015f, baz\u0131lar\u0131 ise posta kutusu olarak kullan\u0131l\u0131yor. Bir a\u00e7\u0131k hava m\u00fczesi olan Floransa&#8217;ya \u00f6zg\u00fc bu tatl\u0131 olu\u015fumlar \u015fehrin g\u00fczelli\u011fine g\u00fczellik kat\u0131yor.<\/p>\n\n\n\n<p>Tarih tekerr\u00fcrden ibarettir. Ge\u00e7en y\u0131l salg\u0131n s\u0131ras\u0131nda, yiyecek ve i\u00e7ecek sekt\u00f6r\u00fcnde hizmet veren baz\u0131 i\u015fletmeler binalar\u0131nda bulunan pencerelerden sosyal mesafeli sat\u0131\u015flar yapmaya ba\u015flad\u0131.<\/p>\n\n\n\n<div class=\"wp-block-image\"><figure class=\"alignleft size-large is-resized\"><img decoding=\"async\" loading=\"lazy\" src=\"http:\/\/www.italianoconulgen.com\/wp-content\/uploads\/2021\/06\/bellissimo-bancone.jpg\" alt=\"\" class=\"wp-image-10640\" width=\"170\" height=\"126\" srcset=\"http:\/\/www.italianoconulgen.com\/wp-content\/uploads\/2021\/06\/bellissimo-bancone.jpg 550w, http:\/\/www.italianoconulgen.com\/wp-content\/uploads\/2021\/06\/bellissimo-bancone-300x222.jpg 300w\" sizes=\"(max-width: 170px) 100vw, 170px\" \/><\/figure><\/div>\n\n\n\n<p>Bu i\u015fletmelerin \u00f6nc\u00fcs\u00fc, 2020 May\u0131s ay\u0131nda minik penceresinden dondurma, kahve ve i\u00e7ecek satmaya ba\u015flayan, Floransa&#8217;n\u0131n me\u015fhur dondurma ve tatl\u0131 d\u00fckkan\u0131 Vivoli idi. <\/p>\n\n\n\n<div class=\"wp-block-image\"><figure class=\"alignright size-large is-resized\"><img decoding=\"async\" loading=\"lazy\" src=\"http:\/\/www.italianoconulgen.com\/wp-content\/uploads\/2021\/06\/wine-windows-2-1-1.jpg\" alt=\"\" class=\"wp-image-10644\" width=\"112\" height=\"101\" srcset=\"http:\/\/www.italianoconulgen.com\/wp-content\/uploads\/2021\/06\/wine-windows-2-1-1.jpg 434w, http:\/\/www.italianoconulgen.com\/wp-content\/uploads\/2021\/06\/wine-windows-2-1-1-300x272.jpg 300w\" sizes=\"(max-width: 112px) 100vw, 112px\" \/><\/figure><\/div>\n\n\n\n<p>Daha sonra &nbsp;Babae (Via Santo Spirito) , Osteria delle Brache (Piazza Peruzzi) ve Il Latini (Via dei Palchetti) ayn\u0131 \u015fekilde yayalara hizmet vermeye ba\u015flad\u0131.<\/p>\n\n\n\n<p>\u0130\u015fte pencerecikler, kap\u0131c\u0131klar, ni\u015fler, gi\u015feler, cennetin kap\u0131lar\u0131 gibi isimleri de olan minik \u015farap pencereleri:<\/p>\n\n\n\n<figure class=\"wp-block-embed-youtube wp-block-embed is-type-video is-provider-youtube wp-embed-aspect-16-9 wp-has-aspect-ratio\"><div class=\"wp-block-embed__wrapper\">\n<iframe loading=\"lazy\" title=\"Le &quot;buchette del vino&quot; di Firenze\" width=\"660\" height=\"371\" src=\"https:\/\/www.youtube.com\/embed\/chWwTqhO3oc?feature=oembed\" frameborder=\"0\" allow=\"accelerometer; autoplay; clipboard-write; encrypted-media; gyroscope; picture-in-picture\" allowfullscreen><\/iframe>\n<\/div><\/figure>\n\n\n\n<p>Bu da benim penceremden size, mutlu bir hafta sonu diliyorum herkese!<\/p>\n\n\n\n<div class=\"wp-block-image\"><figure class=\"aligncenter size-large is-resized\"><img decoding=\"async\" loading=\"lazy\" src=\"http:\/\/www.italianoconulgen.com\/wp-content\/uploads\/2020\/05\/kalp-878x1024.jpg\" alt=\"\" class=\"wp-image-3647\" width=\"177\" height=\"206\" srcset=\"http:\/\/www.italianoconulgen.com\/wp-content\/uploads\/2020\/05\/kalp-878x1024.jpg 878w, http:\/\/www.italianoconulgen.com\/wp-content\/uploads\/2020\/05\/kalp-257x300.jpg 257w, http:\/\/www.italianoconulgen.com\/wp-content\/uploads\/2020\/05\/kalp-768x895.jpg 768w, http:\/\/www.italianoconulgen.com\/wp-content\/uploads\/2020\/05\/kalp-1318x1536.jpg 1318w, http:\/\/www.italianoconulgen.com\/wp-content\/uploads\/2020\/05\/kalp.jpg 1678w\" sizes=\"(max-width: 177px) 100vw, 177px\" \/><\/figure><\/div>\n","protected":false},"excerpt":{"rendered":"<p>\u015earap pencereleri! Kelime anlam\u0131na bakacak olursak k\u00fc\u00e7\u00fck \u015farap delikleri! Ben bo\u015f yere \u015fu anda Floransa&#8217;da olmak vard\u0131 diye methiyeler yazmad\u0131m ad\u0131 \u00e7i\u00e7ek a\u00e7an anlam\u0131ndaki fiorente s\u00f6zc\u00fc\u011f\u00fcnden gelen Floransa \u015fehri i\u00e7in de\u011fil mi? \u015eu anda Floransa&#8217;da olmak vard\u0131 anas\u0131n\u0131 satay\u0131m, gezerken bir \u015farap penceresinden \u015farab\u0131n\u0131 veya dondurman\u0131 al\u0131p yola devam etmek! Floransa&#8217;da nei palazzi (saray gibi &hellip; <a href=\"http:\/\/www.italianoconulgen.com\/index.php\/2021\/06\/04\/buchette-del-vino\/\" class=\"more-link\">Okumaya devam et <span class=\"screen-reader-text\">Buchette del vino<\/span><\/a><\/p>\n","protected":false},"author":2,"featured_media":0,"comment_status":"open","ping_status":"open","sticky":false,"template":"","format":"standard","meta":[],"categories":[9,7,5],"tags":[],"_links":{"self":[{"href":"http:\/\/www.italianoconulgen.com\/index.php\/wp-json\/wp\/v2\/posts\/10611"}],"collection":[{"href":"http:\/\/www.italianoconulgen.com\/index.php\/wp-json\/wp\/v2\/posts"}],"about":[{"href":"http:\/\/www.italianoconulgen.com\/index.php\/wp-json\/wp\/v2\/types\/post"}],"author":[{"embeddable":true,"href":"http:\/\/www.italianoconulgen.com\/index.php\/wp-json\/wp\/v2\/users\/2"}],"replies":[{"embeddable":true,"href":"http:\/\/www.italianoconulgen.com\/index.php\/wp-json\/wp\/v2\/comments?post=10611"}],"version-history":[{"count":10,"href":"http:\/\/www.italianoconulgen.com\/index.php\/wp-json\/wp\/v2\/posts\/10611\/revisions"}],"predecessor-version":[{"id":10651,"href":"http:\/\/www.italianoconulgen.com\/index.php\/wp-json\/wp\/v2\/posts\/10611\/revisions\/10651"}],"wp:attachment":[{"href":"http:\/\/www.italianoconulgen.com\/index.php\/wp-json\/wp\/v2\/media?parent=10611"}],"wp:term":[{"taxonomy":"category","embeddable":true,"href":"http:\/\/www.italianoconulgen.com\/index.php\/wp-json\/wp\/v2\/categories?post=10611"},{"taxonomy":"post_tag","embeddable":true,"href":"http:\/\/www.italianoconulgen.com\/index.php\/wp-json\/wp\/v2\/tags?post=10611"}],"curies":[{"name":"wp","href":"https:\/\/api.w.org\/{rel}","templated":true}]}}