{"id":1195,"date":"2020-06-04T06:40:09","date_gmt":"2020-06-04T06:40:09","guid":{"rendered":"http:\/\/www.italianoconulgen.com\/?p=1195"},"modified":"2020-06-06T08:12:31","modified_gmt":"2020-06-06T08:12:31","slug":"un-grande-cuore","status":"publish","type":"post","link":"http:\/\/www.italianoconulgen.com\/index.php\/2020\/06\/04\/un-grande-cuore\/","title":{"rendered":"Un grande cuore"},"content":{"rendered":"\n<p><em>Kocaman bir y\u00fcrek!<\/em><\/p>\n\n\n\n<p>D\u00fcn N\u00e2z\u0131m Hikmet&#8217;in a\u015fk \u015fiirlerinin derlendi\u011fi <strong><em>Poesie d&#8217;Amore<\/em><\/strong> kitab\u0131ndan ve \u015fiirleri \u00e7eviren Joyce Lussu&#8217;dan bahsettim.<\/p>\n\n\n\n<div class=\"wp-block-image\"><figure class=\"alignleft size-large\"><img decoding=\"async\" loading=\"lazy\" width=\"128\" height=\"177\" src=\"http:\/\/www.italianoconulgen.com\/wp-content\/uploads\/2020\/05\/images-2-2.jpg\" alt=\"\" class=\"wp-image-3859\"\/><\/figure><\/div>\n\n\n\n<p>Joyce Lussu&#8217;nun ayr\u0131ca ilk bask\u0131s\u0131 1992 y\u0131l\u0131nda yap\u0131lan <em><strong>Il turco in Italia (ovvero l&#8217;italiana in Turchia) <\/strong><\/em>adl\u0131 bir kitab\u0131 var. Kitap asl\u0131nda N\u00e2z\u0131m Hikmet&#8217;in otobiyografisi olarak kaleme al\u0131nm\u0131\u015f olduk\u00e7a kapsaml\u0131 bir \u00e7al\u0131\u015fma. <\/p>\n\n\n\n<p>Ancak bu kitapta, Lussu&#8217;nun daha sonra \u00e7ok iyi arkada\u015f oldu\u011fu ve kitab\u0131nda bir karde\u015f kadar yak\u0131n hissetti\u011fini s\u00f6yledi\u011fi M\u00fcnevver ve Memet&#8217;i Ayval\u0131k \u00fczerinden Midilli&#8217;ye ka\u00e7\u0131rmas\u0131n\u0131n hik\u00e2yesi de var.<\/p>\n\n\n\n<div class=\"wp-block-image\"><figure class=\"alignright size-medium is-resized\"><img decoding=\"async\" loading=\"lazy\" src=\"http:\/\/www.italianoconulgen.com\/wp-content\/uploads\/2020\/06\/nazim-hikmetin-oglu-mehmet-nazim-Co7R_cover-300x169.jpg\" alt=\"\" class=\"wp-image-4889\" width=\"192\" height=\"108\" srcset=\"http:\/\/www.italianoconulgen.com\/wp-content\/uploads\/2020\/06\/nazim-hikmetin-oglu-mehmet-nazim-Co7R_cover-300x169.jpg 300w, http:\/\/www.italianoconulgen.com\/wp-content\/uploads\/2020\/06\/nazim-hikmetin-oglu-mehmet-nazim-Co7R_cover.jpg 640w\" sizes=\"(max-width: 192px) 100vw, 192px\" \/><\/figure><\/div>\n\n\n\n<p>Lussu,  N\u00e2z\u0131m Hikmet&#8217;in daha \u00f6nce Piraye ile ya\u015fad\u0131\u011f\u0131 ve o s\u0131rada Moskova&#8217;da Vera ile ya\u015famakta oldu\u011fu a\u015fktan habersiz, t\u00fcm \u015fiirlerin M\u00fcnevver i\u00e7in yaz\u0131lm\u0131\u015f oldu\u011funu d\u00fc\u015f\u00fcnerek M\u00fcnevver&#8217;e tan\u0131madan hayran olmu\u015ftur. Amac\u0131, hen\u00fcz \u00fc\u00e7 ayl\u0131kken b\u0131rakt\u0131\u011f\u0131 o\u011flu Memet&#8217;e hasret olan N\u00e2z\u0131m Hikmet&#8217;i <strong><em>suo figlio e sua moglie <\/em><\/strong>(o\u011flu ve kar\u0131s\u0131) ile bulu\u015fturmakt\u0131r.<\/p>\n\n\n\n<p>Lussu, <em>bir elimle M\u00fcnevver&#8217;ini, di\u011feriyle k\u00fc\u00e7\u00fck Mehmet&#8217;ini tutarak geldi\u011fimi g\u00f6receksin <\/em>dedi\u011fi \u015fu s\u00f6zleri ile N\u00e2z\u0131m Hikmet&#8217;e bu niyetini bildiririr: <\/p>\n\n\n\n<p class=\"has-text-align-center\"><strong><em>&#8220;Mi vedrai arrivare tenendo per mano da una parte la tua Munevver, dall&#8217;altra il tuo piccolo Mehmet&#8221;<\/em><\/strong><\/p>\n\n\n\n<p>Ama N\u00e2z\u0131m&#8217;\u0131n hayat\u0131nda Vera vard\u0131r art\u0131k ve bu nedenle pek de sevin\u00e7le kar\u015f\u0131lamaz Lussu&#8217;nun bu kararl\u0131l\u0131\u011f\u0131n\u0131. Ona bir a\u00e7\u0131klama yapmaz ama T\u00fcrk polisinin zorluk \u00e7\u0131karaca\u011f\u0131n\u0131, bunun ba\u015far\u0131yla sonu\u00e7lanmayacak <strong><em>rischioso <\/em><\/strong>(riskli) bir giri\u015fim olaca\u011f\u0131n\u0131 s\u00f6yler durur.<\/p>\n\n\n\n<p>Ama Lussu karar\u0131ndan vazge\u00e7mez, ka\u00e7\u0131\u015f\u0131 planlar ve gerekli i\u015flemleri yaparak <strong><em>duro<\/em><\/strong> (zor, me\u015fakkatli) bir deniz  yolculu\u011fu ile M\u00fcnevver&#8217;i ve Memet&#8217;i yurt d\u0131\u015f\u0131na ka\u00e7\u0131rmay\u0131 ba\u015far\u0131r. <\/p>\n\n\n\n<p>Maalesef N\u00e2z\u0131m Vera ile evlenip <strong><em>una nova vita<\/em><\/strong> (yeni bir hayat) kurmu\u015ftur kendine ve yeniden aile olmak \u00fczere onlarla bir araya gelemez. M\u00fcnevver ve Memet Var\u015fova&#8217;ya yerle\u015fir ve orada ya\u015famaya ba\u015flar.<\/p>\n\n\n\n<p>Yani Lussu <em><strong>con grande determinazione<\/strong><\/em> (b\u00fcy\u00fck bir kararl\u0131l\u0131kla) elindeki olanaklar\u0131 seferber etti\u011fi tehlikeli ser\u00fcveni ba\u015far\u0131yla tamamlam\u0131\u015f olsa da ger\u00e7ek bir bulu\u015fma olmaz bu. <br> <\/p>\n\n\n\n<div class=\"wp-block-image\"><figure class=\"alignright size-medium is-resized\"><img decoding=\"async\" loading=\"lazy\" src=\"http:\/\/www.italianoconulgen.com\/wp-content\/uploads\/2020\/03\/IMG_8900-213x300.jpg\" alt=\"\" class=\"wp-image-1366\" width=\"118\" height=\"167\" srcset=\"http:\/\/www.italianoconulgen.com\/wp-content\/uploads\/2020\/03\/IMG_8900-213x300.jpg 213w, http:\/\/www.italianoconulgen.com\/wp-content\/uploads\/2020\/03\/IMG_8900-727x1024.jpg 727w, http:\/\/www.italianoconulgen.com\/wp-content\/uploads\/2020\/03\/IMG_8900-768x1082.jpg 768w, http:\/\/www.italianoconulgen.com\/wp-content\/uploads\/2020\/03\/IMG_8900-1090x1536.jpg 1090w, http:\/\/www.italianoconulgen.com\/wp-content\/uploads\/2020\/03\/IMG_8900-1454x2048.jpg 1454w, http:\/\/www.italianoconulgen.com\/wp-content\/uploads\/2020\/03\/IMG_8900-scaled.jpg 1817w\" sizes=\"(max-width: 118px) 100vw, 118px\" \/><\/figure><\/div>\n\n\n\n<p>Lussu&#8217;nun kitab\u0131, \u00e7evirmenleri Engin Demiriz ve Anna Lia Erg\u00fcn&#8217;\u00fcn eline tesad\u00fcfen ge\u00e7er ve \u00e7evirmenler biyografi k\u0131sm\u0131n\u0131 atlayarak bu ilgin\u00e7 ka\u00e7\u0131rma \u00f6yk\u00fcs\u00fcn\u00fc T\u00fcrk\u00e7e&#8217;ye \u00e7evirir. 1995 y\u0131l\u0131nda Lussu&#8217;nun \u00f6nerisi \u00fczerine <em>bulu\u015fma <\/em>ad\u0131yla bu derleme kitab\u0131n ilk bask\u0131s\u0131 yap\u0131l\u0131r. Bu kitab\u0131n yeni bask\u0131s\u0131 yok piyasada, bendeki <strong><em>di seconda mano<\/em><\/strong> (ikinci el)!<\/p>\n\n\n\n<p>M\u00fcnevver, o\u011flu ile \u00d6nce Var\u015fova&#8217;da ve daha sonra ka\u011f\u0131t \u00fczerinde <em><strong>un matrimonio<\/strong><\/em> (bir evlilik) yaparak oturma izni ald\u0131\u011f\u0131 Paris&#8217;te ya\u015far. Naz\u0131m T\u00fcrkiye&#8217;den (Refik Erduran sayesinde) ka\u00e7t\u0131ktan sonra \u0130stanbul&#8217;da on y\u0131l polis g\u00f6zetimi alt\u0131nda ya\u015fayan M\u00fcnevver, Paris&#8217;te daha rahat olsa da mutlu olamaz art\u0131k. <\/p>\n\n\n\n<p>N\u00e2z\u0131m Hikmet&#8217;in \u00f6z o\u011flu ressam Mehmet N\u00e2z\u0131m ise kendini b\u0131rak\u0131p gitmi\u015f (\u00fclkesinden ka\u00e7mak zorunda kald\u0131\u011f\u0131 i\u00e7in) ve daha sonra sahip \u00e7\u0131kmam\u0131\u015f olan babas\u0131na hep k\u0131rg\u0131n ve k\u0131zg\u0131n olmu\u015f, \u00e7ok tepkili konu\u015ftu\u011fu tek bir <em><strong>intervista<\/strong><\/em> (r\u00f6portaj) d\u0131\u015f\u0131nda bas\u0131nda hi\u00e7 yer almam\u0131\u015f, 15 Ekim 2018 tarihinde Fransa&#8217;da \u00f6lm\u00fc\u015ft\u00fcr.<\/p>\n\n\n\n<p>N\u00e2z\u0131m Hikmet&#8217;in \u015fiirlerinde <em>o\u011flum memet <\/em>diye seslendi\u011fi ve N\u00e2z\u0131m Hikmet hakk\u0131nda eserleri olan yazar, ele\u015ftirmen, e\u011fitimci Mehmet Fuat ise Piraye&#8217;nin o\u011flu, N\u00e2z\u0131m Hikmet&#8217;in \u00fcvey o\u011fludur.<\/p>\n\n\n\n<div class=\"wp-block-image\"><figure class=\"alignleft size-medium is-resized\"><img decoding=\"async\" loading=\"lazy\" src=\"http:\/\/www.italianoconulgen.com\/wp-content\/uploads\/2020\/05\/Joyce-Lussu-01-1-300x196.jpg\" alt=\"\" class=\"wp-image-4776\" width=\"199\" height=\"130\" srcset=\"http:\/\/www.italianoconulgen.com\/wp-content\/uploads\/2020\/05\/Joyce-Lussu-01-1-300x196.jpg 300w, http:\/\/www.italianoconulgen.com\/wp-content\/uploads\/2020\/05\/Joyce-Lussu-01-1.jpg 700w\" sizes=\"(max-width: 199px) 100vw, 199px\" \/><\/figure><\/div>\n\n\n\n<p>Joyce Lussu, \u0130ngiliz k\u00f6kenli \u0130talyan bir aristokrat ailenin k\u0131z\u0131 olarak Floransa&#8217;da do\u011fmu\u015f ama ailesi \u0130talyan fa\u015fizminden ka\u00e7\u0131p yurt d\u0131\u015f\u0131na yerle\u015fince Almanya ve Fransa&#8217;da e\u011fitim g\u00f6rm\u00fc\u015f, Sorbonne&#8217;da edebiyat ve ard\u0131ndan Lizbon&#8217;da filoloji dereceleri alm\u0131\u015f. Kocas\u0131 Emilio Lussu ile ise aktif \u00fcyesi oldu\u011fu  <strong><em>Giustizia&nbsp;e&nbsp;Libert\u00e0 <\/em><\/strong>(Adalet ve \u00d6zg\u00fcrl\u00fck) adl\u0131 <strong><em>antifascismo<\/em><\/strong> (fa\u015fizm kar\u015f\u0131t\u0131) direni\u015f\u00e7i \u00f6rg\u00fctte tan\u0131\u015fm\u0131\u015f.<\/p>\n\n\n\n<div class=\"wp-block-image\"><figure class=\"alignright size-large is-resized\"><img decoding=\"async\" loading=\"lazy\" src=\"http:\/\/www.italianoconulgen.com\/wp-content\/uploads\/2020\/05\/unnamed-1-2.jpg\" alt=\"\" class=\"wp-image-4773\" width=\"173\" height=\"112\" srcset=\"http:\/\/www.italianoconulgen.com\/wp-content\/uploads\/2020\/05\/unnamed-1-2.jpg 512w, http:\/\/www.italianoconulgen.com\/wp-content\/uploads\/2020\/05\/unnamed-1-2-300x195.jpg 300w\" sizes=\"(max-width: 173px) 100vw, 173px\" \/><figcaption><em>Il docufilm di Piccinini<\/em><\/figcaption><\/figure><\/div>\n\n\n\n<div class=\"wp-block-image\"><figure class=\"alignleft size-medium is-resized\"><img decoding=\"async\" loading=\"lazy\" src=\"http:\/\/www.italianoconulgen.com\/wp-content\/uploads\/2020\/05\/marcella-piccinini-211x300.jpg\" alt=\"\" class=\"wp-image-4771\" width=\"86\" height=\"122\" srcset=\"http:\/\/www.italianoconulgen.com\/wp-content\/uploads\/2020\/05\/marcella-piccinini-211x300.jpg 211w, http:\/\/www.italianoconulgen.com\/wp-content\/uploads\/2020\/05\/marcella-piccinini.jpg 629w\" sizes=\"(max-width: 86px) 100vw, 86px\" \/><figcaption><em>Marcella Piccinini<\/em><\/figcaption><\/figure><\/div>\n\n\n\n<p>\u0130talyan y\u00f6netmen Marcella Piccinini, N\u00e2z\u0131m Hikmet vakf\u0131n\u0131n da destekledi\u011fi <em>La mia casa e i miei coinquilini <\/em>(Evim ve ev arkada\u015flar\u0131m) adl\u0131 belgesel filminde,&nbsp; 86 ya\u015f\u0131nda Roma&#8217;da \u00f6len \u015fair, \u00e7evirmen, partizan Joyce Lussu&#8217;nun hayat\u0131ndan kesitleri g\u00f6stermi\u015f. Piccinini, Bellaria Film Festivalinde \u00f6d\u00fcl alan bu filminde Lussu&#8217;nun bir kad\u0131n olarak edebi ki\u015fili\u011fine ve ideolojik duru\u015funa olan hayranl\u0131\u011f\u0131n\u0131 samimi bir \u015fekilde dile getirmi\u015f. <\/p>\n\n\n\n<p>A\u015fa\u011f\u0131daki videonun sonlar\u0131na do\u011fru (3:35 civar\u0131) Lussu, N\u00e2z\u0131m Hikmet&#8217;e bu g\u00fczel \u015fiirlerin \u0130talya&#8217;da da bilinmesi gerekti\u011fini s\u00f6yleyerek \u00e7evirmenli\u011fini \u00fcstlendi\u011fini anlat\u0131yor.<\/p>\n\n\n\n<figure class=\"wp-block-embed-youtube wp-block-embed is-type-video is-provider-youtube wp-embed-aspect-16-9 wp-has-aspect-ratio\"><div class=\"wp-block-embed__wrapper\">\n<iframe loading=\"lazy\" title=\"LA MIA CASA I MIEI COINQUILINI ( il lungo viaggio di Joyce Lussu) di Marcella Piccinini\" width=\"660\" height=\"371\" src=\"https:\/\/www.youtube.com\/embed\/--cnpGjm3es?feature=oembed\" frameborder=\"0\" allow=\"accelerometer; autoplay; encrypted-media; gyroscope; picture-in-picture\" allowfullscreen><\/iframe>\n<\/div><\/figure>\n","protected":false},"excerpt":{"rendered":"<p>Kocaman bir y\u00fcrek! D\u00fcn N\u00e2z\u0131m Hikmet&#8217;in a\u015fk \u015fiirlerinin derlendi\u011fi Poesie d&#8217;Amore kitab\u0131ndan ve \u015fiirleri \u00e7eviren Joyce Lussu&#8217;dan bahsettim. Joyce Lussu&#8217;nun ayr\u0131ca ilk bask\u0131s\u0131 1992 y\u0131l\u0131nda yap\u0131lan Il turco in Italia (ovvero l&#8217;italiana in Turchia) adl\u0131 bir kitab\u0131 var. Kitap asl\u0131nda N\u00e2z\u0131m Hikmet&#8217;in otobiyografisi olarak kaleme al\u0131nm\u0131\u015f olduk\u00e7a kapsaml\u0131 bir \u00e7al\u0131\u015fma. Ancak bu kitapta, Lussu&#8217;nun daha &hellip; <a href=\"http:\/\/www.italianoconulgen.com\/index.php\/2020\/06\/04\/un-grande-cuore\/\" class=\"more-link\">Okumaya devam et <span class=\"screen-reader-text\">Un grande cuore<\/span><\/a><\/p>\n","protected":false},"author":2,"featured_media":0,"comment_status":"open","ping_status":"open","sticky":false,"template":"","format":"standard","meta":[],"categories":[9,7,5],"tags":[],"_links":{"self":[{"href":"http:\/\/www.italianoconulgen.com\/index.php\/wp-json\/wp\/v2\/posts\/1195"}],"collection":[{"href":"http:\/\/www.italianoconulgen.com\/index.php\/wp-json\/wp\/v2\/posts"}],"about":[{"href":"http:\/\/www.italianoconulgen.com\/index.php\/wp-json\/wp\/v2\/types\/post"}],"author":[{"embeddable":true,"href":"http:\/\/www.italianoconulgen.com\/index.php\/wp-json\/wp\/v2\/users\/2"}],"replies":[{"embeddable":true,"href":"http:\/\/www.italianoconulgen.com\/index.php\/wp-json\/wp\/v2\/comments?post=1195"}],"version-history":[{"count":43,"href":"http:\/\/www.italianoconulgen.com\/index.php\/wp-json\/wp\/v2\/posts\/1195\/revisions"}],"predecessor-version":[{"id":4960,"href":"http:\/\/www.italianoconulgen.com\/index.php\/wp-json\/wp\/v2\/posts\/1195\/revisions\/4960"}],"wp:attachment":[{"href":"http:\/\/www.italianoconulgen.com\/index.php\/wp-json\/wp\/v2\/media?parent=1195"}],"wp:term":[{"taxonomy":"category","embeddable":true,"href":"http:\/\/www.italianoconulgen.com\/index.php\/wp-json\/wp\/v2\/categories?post=1195"},{"taxonomy":"post_tag","embeddable":true,"href":"http:\/\/www.italianoconulgen.com\/index.php\/wp-json\/wp\/v2\/tags?post=1195"}],"curies":[{"name":"wp","href":"https:\/\/api.w.org\/{rel}","templated":true}]}}