{"id":1684,"date":"2020-03-24T05:29:00","date_gmt":"2020-03-24T05:29:00","guid":{"rendered":"http:\/\/www.italianoconulgen.com\/?p=1684"},"modified":"2020-04-10T10:52:40","modified_gmt":"2020-04-10T10:52:40","slug":"pianto-e-riso-contemporaneamente","status":"publish","type":"post","link":"http:\/\/www.italianoconulgen.com\/index.php\/2020\/03\/24\/pianto-e-riso-contemporaneamente\/","title":{"rendered":"Pianto e riso contemporaneamente"},"content":{"rendered":"\n<p><em>Ayn\u0131 anda a\u011flama ve g\u00fclme!<\/em><\/p>\n\n\n\n<p>Coronavirus hakk\u0131nda bile<strong><em> ironia <\/em><\/strong>(ince alay) yap\u0131labiliyor ve yap\u0131lmal\u0131 da!<\/p>\n\n\n\n<p>Ben demiyorum, Simone Guido diye bir \u0130talyan yazm\u0131\u015f <em>diarioroma<\/em> ad\u0131n\u0131 verdi\u011fi blogunda. <strong><em>L&#8217;ansia<\/em><\/strong> (endi\u015fe) ve stres yaratan trajik durumlarda \u00fcz\u00fcnt\u00fcy\u00fc ve s\u0131k\u0131nt\u0131y\u0131 biraz olsun hafifletmek i\u00e7in mizah\u0131n <strong><em>assolutamente<\/em><\/strong> (mutlaka) gerekli oldu\u011funu vurguluyor.<\/p>\n\n\n\n<p>Bug\u00fcn bunu okumak rahatlatt\u0131 beni. Hepiniz gibi ben de g\u00fcnlerdir b\u00fcy\u00fck kayg\u0131lar ya\u015f\u0131yorum. Can\u0131m s\u0131kk\u0131n<strong><em> notizie<\/em><\/strong> (haber) okurken telefonuma gelen bir foto\u011frafa veya videoya deliler gibi g\u00fclmeye ba\u015fl\u0131yorum aniden. \u00c7ok dengesiz, iki u\u00e7ta <em><strong>emozioni<\/strong><\/em> (duygular) ya\u015f\u0131yorum, ya g\u00fcl\u00fcyor ya a\u011fl\u0131yorum. <\/p>\n\n\n\n<p>Birbirini izleyen a\u011flama ve g\u00fclme ataklar\u0131, i\u015fin korkutucu taraf\u0131 bazen de <em><strong>simultaneo<\/strong><\/em> (e\u015fzamanl\u0131)!<\/p>\n\n\n\n<p>Ve da <strong><em>giorni<\/em><\/strong> (g\u00fcnlerdir) bundan vicdan azab\u0131 duyuyorum, nas\u0131l bu kadar g\u00fclebiliyorum insanlar neler ya\u015farken diye. Ama <em><strong>l&#8217;umore<\/strong><\/em> (mizah) insan\u0131n \u00fczerindeki o kasveti da\u011f\u0131t\u0131yor kesinlikle, elden bir \u015fey gelmeyince akl\u0131m\u0131z\u0131 yerinde, ruhumuzu ayakta tutabilmemize yard\u0131mc\u0131 oluyor. <\/p>\n\n\n\n<p><em>Rabbim verdi bu belay\u0131, ancak o al\u0131r<\/em> raddesine gelmeden atlat\u0131r\u0131z umar\u0131m.<\/p>\n\n\n\n<p>Gezi Park\u0131 olaylar\u0131 ba\u015fta olmak \u00fczere \u00f6zellikle sanc\u0131l\u0131 d\u00f6nemlerde \u00fcretilen malzemelerdeki ince espriler hep hayran b\u0131rakm\u0131\u015ft\u0131r beni. \u015eimdi t\u00fcm d\u00fcnya eve kapand\u0131 ama t\u00fcm d\u00fcnyadan art arda gelen esprilerle g\u00f6r\u00fcyoruz ki  <strong><em>creativit\u00e0<\/em><\/strong>&nbsp;(yarat\u0131c\u0131l\u0131k) s\u0131n\u0131r tan\u0131m\u0131yor.<\/p>\n\n\n\n<div class=\"wp-block-image\"><figure class=\"alignright size-large is-resized\"><img decoding=\"async\" loading=\"lazy\" src=\"http:\/\/www.italianoconulgen.com\/wp-content\/uploads\/2020\/03\/god-and-adam-2.jpg\" alt=\"\" class=\"wp-image-1697\" width=\"269\" height=\"160\" srcset=\"http:\/\/www.italianoconulgen.com\/wp-content\/uploads\/2020\/03\/god-and-adam-2.jpg 745w, http:\/\/www.italianoconulgen.com\/wp-content\/uploads\/2020\/03\/god-and-adam-2-300x180.jpg 300w\" sizes=\"(max-width: 269px) 100vw, 269px\" \/><figcaption>  <em>Creazione di Adamo<\/em>  <\/figcaption><\/figure><\/div>\n\n\n\n<p>Bu konuda \u0130talyanlar da bo\u015f durmuyor. <\/p>\n\n\n\n<p>Michalengelo&#8217;nun Vatikan&#8217;daki Sistine \u015eapeli&#8217;nin tavan\u0131ndaki me\u015fhur freski <em>Adem&#8217;in Yarat\u0131l\u0131\u015f\u0131<\/em> da pay\u0131n\u0131 alm\u0131\u015f bu furyadan.<\/p>\n\n\n\n<p>Payla\u015ft\u0131\u011f\u0131m \u015fu videonun orijinal adresini bulamad\u0131m ama mutlaka izleyin. Bir k\u0131z, evde s\u0131k\u0131ld\u0131\u011f\u0131n\u0131 ve b\u0131kt\u0131\u011f\u0131n\u0131 s\u00f6yleyerek kahve almak i\u00e7in d\u0131\u015far\u0131 \u00e7\u0131kmaya haz\u0131rlanan babas\u0131n\u0131 durdurmak i\u00e7in her yerin kapal\u0131 oldu\u011funu s\u00f6yleyerek amans\u0131z bir <strong><em>sforzo<\/em><\/strong> (m\u00fccadele) veriyor!<\/p>\n\n\n\n<figure class=\"wp-block-embed-twitter wp-block-embed is-type-rich is-provider-twitter\"><div class=\"wp-block-embed__wrapper\">\n<blockquote class=\"twitter-tweet\" data-width=\"550\" data-dnt=\"true\"><p lang=\"tr\" dir=\"ltr\">Kahvesinden vazgecemeyen 65+ Italyanlara gelsin ?? <a href=\"https:\/\/t.co\/L9L2sw45Um\">pic.twitter.com\/L9L2sw45Um<\/a><\/p>&mdash; MenekseTokyay (@MenekseTK) <a href=\"https:\/\/twitter.com\/MenekseTK\/status\/1241774109777944584?ref_src=twsrc%5Etfw\">March 22, 2020<\/a><\/blockquote><script async src=\"https:\/\/platform.twitter.com\/widgets.js\" charset=\"utf-8\"><\/script>\n<\/div><\/figure>\n\n\n\n<p><\/p>\n","protected":false},"excerpt":{"rendered":"<p>Ayn\u0131 anda a\u011flama ve g\u00fclme! Coronavirus hakk\u0131nda bile ironia (ince alay) yap\u0131labiliyor ve yap\u0131lmal\u0131 da! Ben demiyorum, Simone Guido diye bir \u0130talyan yazm\u0131\u015f diarioroma ad\u0131n\u0131 verdi\u011fi blogunda. L&#8217;ansia (endi\u015fe) ve stres yaratan trajik durumlarda \u00fcz\u00fcnt\u00fcy\u00fc ve s\u0131k\u0131nt\u0131y\u0131 biraz olsun hafifletmek i\u00e7in mizah\u0131n assolutamente (mutlaka) gerekli oldu\u011funu vurguluyor. Bug\u00fcn bunu okumak rahatlatt\u0131 beni. Hepiniz gibi ben &hellip; <a href=\"http:\/\/www.italianoconulgen.com\/index.php\/2020\/03\/24\/pianto-e-riso-contemporaneamente\/\" class=\"more-link\">Okumaya devam et <span class=\"screen-reader-text\">Pianto e riso contemporaneamente<\/span><\/a><\/p>\n","protected":false},"author":2,"featured_media":0,"comment_status":"open","ping_status":"open","sticky":false,"template":"","format":"standard","meta":[],"categories":[9,7],"tags":[],"_links":{"self":[{"href":"http:\/\/www.italianoconulgen.com\/index.php\/wp-json\/wp\/v2\/posts\/1684"}],"collection":[{"href":"http:\/\/www.italianoconulgen.com\/index.php\/wp-json\/wp\/v2\/posts"}],"about":[{"href":"http:\/\/www.italianoconulgen.com\/index.php\/wp-json\/wp\/v2\/types\/post"}],"author":[{"embeddable":true,"href":"http:\/\/www.italianoconulgen.com\/index.php\/wp-json\/wp\/v2\/users\/2"}],"replies":[{"embeddable":true,"href":"http:\/\/www.italianoconulgen.com\/index.php\/wp-json\/wp\/v2\/comments?post=1684"}],"version-history":[{"count":54,"href":"http:\/\/www.italianoconulgen.com\/index.php\/wp-json\/wp\/v2\/posts\/1684\/revisions"}],"predecessor-version":[{"id":2575,"href":"http:\/\/www.italianoconulgen.com\/index.php\/wp-json\/wp\/v2\/posts\/1684\/revisions\/2575"}],"wp:attachment":[{"href":"http:\/\/www.italianoconulgen.com\/index.php\/wp-json\/wp\/v2\/media?parent=1684"}],"wp:term":[{"taxonomy":"category","embeddable":true,"href":"http:\/\/www.italianoconulgen.com\/index.php\/wp-json\/wp\/v2\/categories?post=1684"},{"taxonomy":"post_tag","embeddable":true,"href":"http:\/\/www.italianoconulgen.com\/index.php\/wp-json\/wp\/v2\/tags?post=1684"}],"curies":[{"name":"wp","href":"https:\/\/api.w.org\/{rel}","templated":true}]}}