{"id":3384,"date":"2020-05-02T06:01:00","date_gmt":"2020-05-02T06:01:00","guid":{"rendered":"http:\/\/www.italianoconulgen.com\/?p=3384"},"modified":"2020-05-05T03:35:44","modified_gmt":"2020-05-05T03:35:44","slug":"spesa-sospesa","status":"publish","type":"post","link":"http:\/\/www.italianoconulgen.com\/index.php\/2020\/05\/02\/spesa-sospesa\/","title":{"rendered":"Spesa sospesa"},"content":{"rendered":"\n<p><em>Ask\u0131da market al\u0131\u015fveri\u015fi!<\/em><\/p>\n\n\n\n<p><em><strong>Caff\u00e8 Sospeso<\/strong><\/em> (ask\u0131da kahve) y\u00fcz k\u00fcsur y\u0131l \u00f6nce Napoli&#8217;de ba\u015flam\u0131\u015f olan bir gelenek, bir sosyal sorumluluk projesidir. Bir <em><strong>bar<\/strong><\/em>&#8216;da kahve al\u0131rken fazladan bir fincan kahve i\u00e7in daha \u00f6deme yap\u0131p tan\u0131mad\u0131\u011f\u0131n\u0131z, yoksul birine kahve \u0131smarlayarak kahve keyfinizi art\u0131rman\u0131n, anlamland\u0131rman\u0131n yoludur.<\/p>\n\n\n\n<div class=\"wp-block-image\"><figure class=\"alignright size-large is-resized\"><img decoding=\"async\" loading=\"lazy\" src=\"http:\/\/www.italianoconulgen.com\/wp-content\/uploads\/2020\/04\/unnamed-1-1.jpg\" alt=\"\" class=\"wp-image-3418\" width=\"162\" height=\"173\" srcset=\"http:\/\/www.italianoconulgen.com\/wp-content\/uploads\/2020\/04\/unnamed-1-1.jpg 354w, http:\/\/www.italianoconulgen.com\/wp-content\/uploads\/2020\/04\/unnamed-1-1-280x300.jpg 280w\" sizes=\"(max-width: 162px) 100vw, 162px\" \/><figcaption><em>Mettici il cuore<br>Y\u00fcre\u011finizi koyun<\/em><\/figcaption><\/figure><\/div>\n\n\n\n<p>Bizde de <em>ask\u0131da ekmek <\/em>olarak yayg\u0131nla\u015fm\u0131\u015f, <em>ask\u0131da kahve<\/em> olarak denenip pek oturmam\u0131\u015f ve hatta 80&#8217;li y\u0131llarda Karadeniz&#8217;de <em>ask\u0131da \u00e7orba<\/em> ad\u0131yla benzeri uygulanm\u0131\u015f bu projeyi \u0130talyanlar \u015fimdi <em><strong>Spesa Sospesa<\/strong><\/em> ad\u0131yla s\u00fcpermarketlerde uyguluyor. Market al\u0131\u015fveri\u015fini yap\u0131p \u00e7\u0131kan m\u00fc\u015fteriler fazladan ald\u0131\u011f\u0131 bir \u00fcr\u00fcn paketini s\u00fcpermarketin d\u0131\u015f\u0131ndaki b\u00fcy\u00fck kutuya b\u0131rak\u0131yor, ihtiyac\u0131 olanlar gidip o kutudan istediklerini alabiliyor.<\/p>\n\n\n\n<p><em>Veren elin alan eli g\u00f6rmedi\u011fi <\/em>bu uygulama bizde de ba\u015flat\u0131lsa ne g\u00fczel olur asl\u0131nda. Ama bir \u00f6rg\u00fctle ba\u011flant\u0131land\u0131r\u0131l\u0131p \u00f6mr\u00fcm\u00fcz\u00fcn kalan k\u0131sm\u0131n\u0131 evden daha dar, balkonsuz bir hapishanede ge\u00e7irmek zorunda kalabiliriz. En iyisi, bu fikri s\u0131zd\u0131r\u0131p &#8216;onlar&#8217; ak\u0131l etmi\u015f gibi uygulamaya sokmal\u0131!<\/p>\n\n\n\n<div class=\"wp-block-image\"><figure class=\"alignleft size-large is-resized\"><img decoding=\"async\" loading=\"lazy\" src=\"http:\/\/www.italianoconulgen.com\/wp-content\/uploads\/2020\/04\/images-4-1.jpg\" alt=\"\" class=\"wp-image-3425\" width=\"146\" height=\"118\"\/><\/figure><\/div>\n\n\n\n<p>Siamo angeli con <em><strong>un&#8217;ala soltanto <\/strong><\/em>e possiamo volare solo <strong><em>restando abbracciati<\/em>&#8230;  <\/strong> <\/p>\n\n\n\n<p class=\"has-text-align-right\"><em>Luciano de Crescenzo<\/em><\/p>\n\n\n\n<p>(<em><strong>Tek kanatl\u0131<\/strong><\/em> melekleriz, yaln\u0131zca <em><strong>birbirimize sar\u0131larak<\/strong> <\/em>u\u00e7abiliriz)  <\/p>\n\n\n\n<div class=\"wp-block-image\"><figure class=\"alignright size-large is-resized\"><img decoding=\"async\" loading=\"lazy\" src=\"http:\/\/www.italianoconulgen.com\/wp-content\/uploads\/2020\/05\/indir-3.jpg\" alt=\"\" class=\"wp-image-3480\" width=\"115\" height=\"181\"\/><\/figure><\/div>\n\n\n\n<p>Blog yazmaya yeni ba\u015flad\u0131\u011f\u0131mda 16 \u015eubat&#8217;ta hakk\u0131nda yazd\u0131\u011f\u0131m ve ondan iki g\u00fcn \u00f6nceki<em> Buon San Valentino <\/em>yaz\u0131mda \u00e7ok sevdi\u011fim bu s\u00f6z\u00fcn\u00fc payla\u015ft\u0131\u011f\u0131m Luciano de Crescenzo&#8217;nun <em>Caff\u00e8 Sospeso<\/em> ad\u0131nda bir kitab\u0131 var. Crescenzo, bu e\u011flenceli kitab\u0131nda \u00e7ok say\u0131da makalesini bir araya getirmi\u015f ve anekdotlara yer vermi\u015f.<\/p>\n\n\n\n<p>Kitab\u0131n arka kapa\u011f\u0131nda bu gelene\u011fin ba\u015flang\u0131c\u0131n\u0131 \u015f\u00f6yle anlatm\u0131\u015f Crescenzo:<\/p>\n\n\n\n<p><em>\u00abQuando un napoletano \u00e8 felice per qualche ragione, invece di pagare un solo caff\u00e8, quello che berrebbe lui, ne paga due, uno per s\u00e9 e uno per il cliente che viene dopo. \u00c8 come offrire un caff\u00e8 al resto del mondo\u2026\u00bb <\/em><\/p>\n\n\n\n<p>Napoli&#8217;de herhangi bir nedenle mutlu olan bir ki\u015finin, yaln\u0131zca kendi i\u00e7ece\u011fi kahve yerine biri kendi, di\u011feri de daha sonra gelen m\u00fc\u015fteri i\u00e7in olmak \u00fczere iki kahve i\u00e7in \u00f6deme yapt\u0131\u011f\u0131n\u0131 s\u00f6yl\u00fcyor. Bunun <em><strong>al resto del mondo<\/strong><\/em> (d\u00fcnyan\u0131n geri kalan\u0131na) bir kahve ikram etmek gibi oldu\u011funu ekliyor. <\/p>\n\n\n\n<p><strong><em>Un napoletano<\/em><\/strong>, &#8216;bir Napolili&#8217; demek ama yukar\u0131da <em>Napolilinin <\/em>demek zorunda kalmamak i\u00e7in \u00f6yle \u00e7evirdim.<\/p>\n\n\n\n<figure class=\"wp-block-embed-youtube wp-block-embed is-type-video is-provider-youtube wp-embed-aspect-4-3 wp-has-aspect-ratio\"><div class=\"wp-block-embed__wrapper\">\n<iframe loading=\"lazy\" title=\"Il caff\u00e8 sospeso\" width=\"660\" height=\"495\" src=\"https:\/\/www.youtube.com\/embed\/yOazIRPcVzI?feature=oembed\" frameborder=\"0\" allow=\"accelerometer; autoplay; encrypted-media; gyroscope; picture-in-picture\" allowfullscreen><\/iframe>\n<\/div><\/figure>\n\n\n\n<p>Bu s\u00f6yle\u015fide ise yine kitab\u0131n\u0131n ad\u0131 olarak se\u00e7ti\u011fi <em>caff\u00e8 sospeso<\/em> ifadesini <em><strong>all&#8217;umanit\u00e0<\/strong><\/em> (insanl\u0131\u011fa) sunulan bir kahve olarak a\u00e7\u0131kl\u0131yor.<\/p>\n\n\n\n<p>Netflix&#8217;te<em> Caff\u00e8 Sospeso<\/em> ad\u0131nda g\u00fczel bir belgesel var, izlemediyseniz ho\u015funuza gidebilir.<\/p>\n\n\n\n<p>Ben de bu vesileyle, \u00e7ok ho\u015fuma giden, alt\u0131 gen\u00e7 giri\u015fimcinin \u00f6zveriyle y\u00fcr\u00fctt\u00fc\u011f\u00fc bir \u00e7al\u0131\u015fma olan <em>Bi&#8217;Kom\u015fu <\/em>uygulamas\u0131na <em>kanat<\/em> vermeniz i\u00e7in<strong> <em>bolletta sospesa <\/em><\/strong>(ask\u0131da fatura) \u00e7a\u011fr\u0131s\u0131 yapay\u0131m.<\/p>\n\n\n\n<p>\u0130ster size yak\u0131n bir yerde, bulundu\u011funuz ilde ve il\u00e7ede, ister T\u00fcrkiye genelinde istedi\u011finiz t\u00fcrde ve miktarda bir veya birka\u00e7 faturay\u0131 \u00f6deyip ihtiya\u00e7 sahibi bir aileyi mutlu edebilirsiniz. <\/p>\n\n\n\n<p><\/p>\n\n\n\n<p><img decoding=\"async\" loading=\"lazy\" width=\"1950\" height=\"900\" class=\"wp-image-3427\" style=\"width: 150px;\" src=\"http:\/\/www.italianoconulgen.com\/wp-content\/uploads\/2020\/04\/logo-max.png\" alt=\"\" srcset=\"http:\/\/www.italianoconulgen.com\/wp-content\/uploads\/2020\/04\/logo-max.png 1950w, http:\/\/www.italianoconulgen.com\/wp-content\/uploads\/2020\/04\/logo-max-300x138.png 300w, http:\/\/www.italianoconulgen.com\/wp-content\/uploads\/2020\/04\/logo-max-1024x473.png 1024w, http:\/\/www.italianoconulgen.com\/wp-content\/uploads\/2020\/04\/logo-max-768x354.png 768w, http:\/\/www.italianoconulgen.com\/wp-content\/uploads\/2020\/04\/logo-max-1536x709.png 1536w\" sizes=\"(max-width: 1950px) 100vw, 1950px\" \/><a href=\"https:\/\/bikomsu.com\/\">https:\/\/bikomsu.com\/<\/a><\/p>\n\n\n\n<p>Ben bir su faturas\u0131 \u00f6deyerek ba\u015flad\u0131m, al\u0131\u015fkanl\u0131k oldu. Telefonu elime ald\u0131k\u00e7a bankaya girip k\u00fc\u00e7\u00fck bor\u00e7lar kapatmaya ba\u015flad\u0131m. <\/p>\n\n\n\n<p>Kendi faturalar\u0131m\u0131 \u00f6deyemez hale gelip <em>Destek Ver<\/em> yerine <em>Destek Talep Et<\/em> butonuna dokunmaya ba\u015flamadan durmam gerek!<\/p>\n","protected":false},"excerpt":{"rendered":"<p>Ask\u0131da market al\u0131\u015fveri\u015fi! Caff\u00e8 Sospeso (ask\u0131da kahve) y\u00fcz k\u00fcsur y\u0131l \u00f6nce Napoli&#8217;de ba\u015flam\u0131\u015f olan bir gelenek, bir sosyal sorumluluk projesidir. Bir bar&#8216;da kahve al\u0131rken fazladan bir fincan kahve i\u00e7in daha \u00f6deme yap\u0131p tan\u0131mad\u0131\u011f\u0131n\u0131z, yoksul birine kahve \u0131smarlayarak kahve keyfinizi art\u0131rman\u0131n, anlamland\u0131rman\u0131n yoludur. Bizde de ask\u0131da ekmek olarak yayg\u0131nla\u015fm\u0131\u015f, ask\u0131da kahve olarak denenip pek oturmam\u0131\u015f ve &hellip; <a href=\"http:\/\/www.italianoconulgen.com\/index.php\/2020\/05\/02\/spesa-sospesa\/\" class=\"more-link\">Okumaya devam et <span class=\"screen-reader-text\">Spesa sospesa<\/span><\/a><\/p>\n","protected":false},"author":2,"featured_media":0,"comment_status":"open","ping_status":"open","sticky":false,"template":"","format":"standard","meta":[],"categories":[9,7,5],"tags":[28,26,62,58,23],"_links":{"self":[{"href":"http:\/\/www.italianoconulgen.com\/index.php\/wp-json\/wp\/v2\/posts\/3384"}],"collection":[{"href":"http:\/\/www.italianoconulgen.com\/index.php\/wp-json\/wp\/v2\/posts"}],"about":[{"href":"http:\/\/www.italianoconulgen.com\/index.php\/wp-json\/wp\/v2\/types\/post"}],"author":[{"embeddable":true,"href":"http:\/\/www.italianoconulgen.com\/index.php\/wp-json\/wp\/v2\/users\/2"}],"replies":[{"embeddable":true,"href":"http:\/\/www.italianoconulgen.com\/index.php\/wp-json\/wp\/v2\/comments?post=3384"}],"version-history":[{"count":25,"href":"http:\/\/www.italianoconulgen.com\/index.php\/wp-json\/wp\/v2\/posts\/3384\/revisions"}],"predecessor-version":[{"id":3568,"href":"http:\/\/www.italianoconulgen.com\/index.php\/wp-json\/wp\/v2\/posts\/3384\/revisions\/3568"}],"wp:attachment":[{"href":"http:\/\/www.italianoconulgen.com\/index.php\/wp-json\/wp\/v2\/media?parent=3384"}],"wp:term":[{"taxonomy":"category","embeddable":true,"href":"http:\/\/www.italianoconulgen.com\/index.php\/wp-json\/wp\/v2\/categories?post=3384"},{"taxonomy":"post_tag","embeddable":true,"href":"http:\/\/www.italianoconulgen.com\/index.php\/wp-json\/wp\/v2\/tags?post=3384"}],"curies":[{"name":"wp","href":"https:\/\/api.w.org\/{rel}","templated":true}]}}