{"id":6120,"date":"2020-07-06T08:18:28","date_gmt":"2020-07-06T08:18:28","guid":{"rendered":"http:\/\/www.italianoconulgen.com\/?p=6120"},"modified":"2020-09-28T12:34:15","modified_gmt":"2020-09-28T12:34:15","slug":"chi-e-piu-diligente","status":"publish","type":"post","link":"http:\/\/www.italianoconulgen.com\/index.php\/2020\/07\/06\/chi-e-piu-diligente\/","title":{"rendered":"Chi \u00e8 pi\u00f9 diligente?"},"content":{"rendered":"\n<p><em>Kim daha \u00e7al\u0131\u015fkan?<\/em><\/p>\n\n\n\n<p>G\u00fcne ve haftaya coronan\u0131n <strong><em>pi\u00f9 forte <\/em><\/strong>(daha g\u00fc\u00e7l\u00fc), riskimizin<strong><em> pi\u00f9 grande<\/em><\/strong> (daha b\u00fcy\u00fck) ve yolumuzun <strong><em>pi\u00f9 lungo<\/em><\/strong> (daha uzun) oldu\u011funu <strong><em>ancora una volta<\/em><\/strong> (bir kez daha) dinleyerek ba\u015flad\u0131\u011f\u0131m halde, <strong><em>meno allegra<\/em><\/strong> (daha az ne\u015feli) bir ruh haline girmeden, kar\u015f\u0131la\u015ft\u0131rma s\u00f6zc\u00fcklerini anlatmaya ba\u015fl\u0131yorum.<\/p>\n\n\n\n<p><mark>\u0130lk olarak <strong><em>comparativo di uguaglianza<\/em><\/strong> (ayn\u0131 olma) s\u00f6zc\u00fcklerine bakal\u0131m. E\u011fer iki ki\u015fi veya \u015fey bir konuda ayn\u0131 nitelikte ise <strong><em>cos\u00ec \u2026 come <\/em><\/strong>veya <strong><em>tanto \u2026 quanto<\/em><\/strong> ile kar\u015f\u0131la\u015ft\u0131rma yapabiliriz. Genellikle, s\u0131fattan \u00f6nce gelen<strong><em> cos\u00ec<\/em><\/strong> ve <em><strong>tanto <\/strong><\/em>s\u00f6zc\u00fckleri kullan\u0131lmaz.<\/mark><\/p>\n\n\n\n<div class=\"wp-block-image\"><figure class=\"alignleft size-medium is-resized\"><img decoding=\"async\" loading=\"lazy\" src=\"http:\/\/www.italianoconulgen.com\/wp-content\/uploads\/2020\/07\/KAHVE-\u0130\u00c7EN-KADIN-259x300.jpg\" alt=\"\" class=\"wp-image-6175\" width=\"105\" height=\"121\" srcset=\"http:\/\/www.italianoconulgen.com\/wp-content\/uploads\/2020\/07\/KAHVE-\u0130\u00c7EN-KADIN-259x300.jpg 259w, http:\/\/www.italianoconulgen.com\/wp-content\/uploads\/2020\/07\/KAHVE-\u0130\u00c7EN-KADIN-884x1024.jpg 884w, http:\/\/www.italianoconulgen.com\/wp-content\/uploads\/2020\/07\/KAHVE-\u0130\u00c7EN-KADIN-768x889.jpg 768w, http:\/\/www.italianoconulgen.com\/wp-content\/uploads\/2020\/07\/KAHVE-\u0130\u00c7EN-KADIN.jpg 1107w\" sizes=\"(max-width: 105px) 100vw, 105px\" \/><\/figure><\/div>\n\n\n\n<p class=\"has-text-align-center\"><strong><em>Mario \u00e8 cos\u00ec intelligente come sua sorella.<\/em><\/strong><br>(Mario k\u0131z karde\u015fi kadar zekidir)<br><strong><em>Livia \u00e8 tanto bella quanto sua madre.<\/em><\/strong><br>(Livia annesi kadar g\u00fczeldir)<\/p>\n\n\n\n<p>Ayn\u0131 c\u00fcmleleri <strong><em>Mario \u00e8 intelligente come sua sorella<\/em><\/strong> ve<strong><em> Livia \u00e8 bella quanto sua madre <\/em><\/strong>olarak kurabiliriz.<\/p>\n\n\n\n<p><mark>Bir nitelik yerine yap\u0131lan bir \u015feyin \u00e7oklu\u011funu kar\u015f\u0131la\u015ft\u0131racaksak fiilden sonra <em><strong>tanto quanto <\/strong><\/em>kullanmal\u0131y\u0131z. Yine <strong><em>tanto<\/em><\/strong> s\u00f6zc\u00fc\u011f\u00fcn\u00fc atabiliriz.<\/mark><\/p>\n\n\n\n<p class=\"has-text-align-center\"><strong><em>Non viaggiamo tanto quanto voi.<\/em><\/strong><br>(Sizin kadar \u00e7ok seyahat etmiyoruz)<br><em><strong>I bambini mangiano quanto loro padre.<\/strong><\/em><br>(\u00c7ocuklar babalar\u0131 kadar yiyor)<\/p>\n\n\n\n<p><mark><em><strong>Comparativo di maggioranza<\/strong><\/em> (daha fazla olma) ve <strong><em>minoranza <\/em><\/strong>(daha az olma) s\u00f6zc\u00fckleri ise<em><strong> pi\u00f9 <\/strong><\/em>ve <strong><em>meno<\/em><\/strong>. Kar\u015f\u0131la\u015ft\u0131rd\u0131\u011f\u0131m\u0131z ki\u015fi veya \u015feyden de bahsedeceksek <em>\u2013den, \u2013dan<\/em> anlam\u0131nda <strong><em>di <\/em><\/strong>ve tabii gerekiyorsa <em><strong>del, dello, dell&#8217;, dei, degli <\/strong><\/em>veya <em><strong>delle<\/strong><\/em> gibi <em><strong>articolo<\/strong><\/em> ile birle\u015fmi\u015f halini kullanmal\u0131y\u0131z.<\/mark><\/p>\n\n\n\n<p><strong><em>Io <\/em><\/strong>ve<strong><em> tu <\/em><\/strong>zamirleri bir preposizione sonras\u0131nda kullan\u0131ld\u0131\u011f\u0131nda <em><strong>me<\/strong><\/em> ve <strong><em>te <\/em><\/strong>olur.<strong><em> Di me, di te, per me, per te, con me, con te <\/em><\/strong>gibi.<\/p>\n\n\n\n<p class=\"has-text-align-center\"><strong><em>Tu sei pi\u00f9 brava di me.<\/em><\/strong><br>(Sen benden daha ba\u015far\u0131l\u0131s\u0131n)<br><strong><em>Roberto \u00e8 pi\u00f9 giovane della sua moglie.<\/em><\/strong><br>(Roberto kar\u0131s\u0131ndan daha gen\u00e7tir)<\/p>\n\n\n\n<div class=\"wp-block-image\"><figure class=\"alignright size-medium is-resized\"><img decoding=\"async\" loading=\"lazy\" src=\"http:\/\/www.italianoconulgen.com\/wp-content\/uploads\/2020\/07\/E\u0130NSTE\u0130N-246x300.jpg\" alt=\"\" class=\"wp-image-6162\" width=\"118\" height=\"144\" srcset=\"http:\/\/www.italianoconulgen.com\/wp-content\/uploads\/2020\/07\/E\u0130NSTE\u0130N-246x300.jpg 246w, http:\/\/www.italianoconulgen.com\/wp-content\/uploads\/2020\/07\/E\u0130NSTE\u0130N-841x1024.jpg 841w, http:\/\/www.italianoconulgen.com\/wp-content\/uploads\/2020\/07\/E\u0130NSTE\u0130N-768x936.jpg 768w, http:\/\/www.italianoconulgen.com\/wp-content\/uploads\/2020\/07\/E\u0130NSTE\u0130N-1261x1536.jpg 1261w, http:\/\/www.italianoconulgen.com\/wp-content\/uploads\/2020\/07\/E\u0130NSTE\u0130N-rotated.jpg 1622w\" sizes=\"(max-width: 118px) 100vw, 118px\" \/><\/figure><\/div>\n\n\n\n<p class=\"has-text-align-center\"><strong><em>Io sono meno intelligente di Einstein.<\/em><\/strong><br>(Einstein\u2019dan daha az zekiyim)<br><strong><em>Sono molto modesta vero?<\/em><\/strong><br>(\u00c7ok m\u00fctevaz\u0131y\u0131m de\u011fil mi)<\/p>\n\n\n\n<p><mark>Miktar ve say\u0131 kar\u015f\u0131la\u015ft\u0131r\u0131lacaksa yine<strong><em> pi\u00f9<\/em><\/strong> veya <strong><em>meno<\/em><\/strong> kullan\u0131l\u0131r.<\/mark><\/p>\n\n\n\n<div class=\"wp-block-image\"><figure class=\"alignleft size-medium is-resized\"><img decoding=\"async\" loading=\"lazy\" src=\"http:\/\/www.italianoconulgen.com\/wp-content\/uploads\/2020\/07\/\u0130K\u0130Z-KIZ-300x216.jpg\" alt=\"\" class=\"wp-image-6163\" width=\"139\" height=\"100\" srcset=\"http:\/\/www.italianoconulgen.com\/wp-content\/uploads\/2020\/07\/\u0130K\u0130Z-KIZ-300x216.jpg 300w, http:\/\/www.italianoconulgen.com\/wp-content\/uploads\/2020\/07\/\u0130K\u0130Z-KIZ-1024x736.jpg 1024w, http:\/\/www.italianoconulgen.com\/wp-content\/uploads\/2020\/07\/\u0130K\u0130Z-KIZ-768x552.jpg 768w, http:\/\/www.italianoconulgen.com\/wp-content\/uploads\/2020\/07\/\u0130K\u0130Z-KIZ-1536x1103.jpg 1536w, http:\/\/www.italianoconulgen.com\/wp-content\/uploads\/2020\/07\/\u0130K\u0130Z-KIZ.jpg 1658w\" sizes=\"(max-width: 139px) 100vw, 139px\" \/><\/figure><\/div>\n\n\n\n<p class=\"has-text-align-center\"><strong><em>Loro hanno pi\u00f9 amici di noi.<\/em><\/strong><br>(Bizden daha fazla arkada\u015flar\u0131 var)<br><strong><em>Tu spendi pi\u00f9 di tuo fratello.<\/em><\/strong><br>(Erkek karde\u015finden daha fazla harc\u0131yorsun)<br><em><strong>Lei dorme meno della sua gemella.<\/strong><\/em><br>(\u0130kizinden daha az uyuyor)<\/p>\n\n\n\n<p><mark>Ayn\u0131 ki\u015fi i\u00e7in iki farkl\u0131 \u00f6zellik veya iki eylem kar\u015f\u0131la\u015ft\u0131r\u0131ld\u0131\u011f\u0131nda<br><em><strong>di <\/strong><\/em>yerine <strong><em>che<\/em><\/strong> kullanaca\u011f\u0131z c\u00fcmlemizde. <\/mark><\/p>\n\n\n\n<p class=\"has-text-align-center\"><em><strong>Anita \u00e8 pi\u00f9 simpatica che bella.<\/strong><\/em><br>(Anita g\u00fczel olmaktan \u00e7ok sempatiktir)<br><strong><em>Carlo sembra pi\u00f9 americano che italiano.<\/em><\/strong><br>(Carlo \u0130talyandan \u00e7ok Amerikal\u0131ya benziyor)<br><strong><em>Nuotare \u00e8 meno difficile che sciare.<\/em><\/strong><br>(Y\u00fczmek, kayak yapmaktan daha az zordur)<\/p>\n\n\n\n<p><mark>Baz\u0131 s\u0131fatlar i\u00e7in ise farkl\u0131 bir kar\u015f\u0131la\u015ft\u0131rma s\u00f6zc\u00fc\u011f\u00fc daha s\u0131k kullan\u0131l\u0131r. <\/mark><\/p>\n\n\n\n<p class=\"has-text-align-center\"><em><strong>buono<\/strong><\/em> (iyi) <strong><em>migliore, pi\u00f9 buono<\/em><\/strong> (daha iyi)<br><strong><em>cattivo<\/em><\/strong> (k\u00f6t\u00fc) <strong><em>peggiore, pi\u00f9 cattivo<\/em><\/strong> (daha k\u00f6t\u00fc)<br><strong><em>grande<\/em><\/strong> (b\u00fcy\u00fck) <strong><em>maggiore, pi\u00f9 grande <\/em><\/strong>(daha b\u00fcy\u00fck)<br><strong><em>piccolo <\/em><\/strong>(k\u00fc\u00e7\u00fck) <strong><em>minore, pi\u00f9 piccolo<\/em><\/strong> (daha k\u00fc\u00e7\u00fck)<br><\/p>\n\n\n\n<p><strong><em>Maggiore<\/em><\/strong> ve <em><strong>minore<\/strong><\/em> \u00e7o\u011fu zaman <strong><em>fratello maggiore\/minore <\/em><\/strong>veya <strong><em>sorella maggiore\/minore<\/em><\/strong> ifadelerinde oldu\u011fu gibi <em>ya\u015f\u00e7a daha b\u00fcy\u00fck <\/em>veya <em>daha k\u00fc\u00e7\u00fck<\/em> anlam\u0131nda kullan\u0131l\u0131r.<\/p>\n\n\n\n<p><mark>En g\u00fczel, en zor, en az pahal\u0131 ifadeleri i\u00e7in kullanaca\u011f\u0131m\u0131z<strong><em> superlativo <\/em><\/strong>ise <strong><em>pi\u00f9<\/em><\/strong> ve <strong><em>meno<\/em><\/strong> \u00f6ncesinde <strong><em>articolo determinativo<\/em><\/strong> ile olu\u015fturulur.<\/mark><\/p>\n\n\n\n<div class=\"wp-block-image\"><figure class=\"alignleft size-medium is-resized\"><img decoding=\"async\" loading=\"lazy\" src=\"http:\/\/www.italianoconulgen.com\/wp-content\/uploads\/2020\/07\/GONDOL-300x232.jpg\" alt=\"\" class=\"wp-image-6172\" width=\"156\" height=\"121\" srcset=\"http:\/\/www.italianoconulgen.com\/wp-content\/uploads\/2020\/07\/GONDOL-300x232.jpg 300w, http:\/\/www.italianoconulgen.com\/wp-content\/uploads\/2020\/07\/GONDOL-1024x793.jpg 1024w, http:\/\/www.italianoconulgen.com\/wp-content\/uploads\/2020\/07\/GONDOL-768x595.jpg 768w, http:\/\/www.italianoconulgen.com\/wp-content\/uploads\/2020\/07\/GONDOL-1536x1190.jpg 1536w, http:\/\/www.italianoconulgen.com\/wp-content\/uploads\/2020\/07\/GONDOL-2048x1586.jpg 2048w\" sizes=\"(max-width: 156px) 100vw, 156px\" \/><\/figure><\/div>\n\n\n\n<p class=\"has-text-align-center\"><strong><em>La studentessa pi\u00f9 studiosa della classe \u00e8 Irina<\/em><\/strong><br>(S\u0131n\u0131f\u0131n en \u00e7al\u0131\u015fkan \u00f6\u011frencisi Irina\u2019d\u0131r)<br><strong><em>Irina \u00e8 la pi\u00f9 studiosa della classe<\/em><\/strong> (Irina s\u0131n\u0131f\u0131n en \u00e7al\u0131\u015fkan\u0131d\u0131r)<br><strong><em>Per te, qual\u2019\u00e8 la pi\u00f9 bella citt\u00e0 in Italia?<\/em><\/strong><br>(Sence \u0130talya\u2019daki en g\u00fczel \u015fehir hangisi)<br><strong><em>Il migliore metodo per imparare una lingua straniera \u00e8 praticare molto.<\/em><\/strong><br>(Yabanc\u0131 bir dil \u00f6\u011frenmenin en iyi yolu \u00e7ok pratik yapmakt\u0131r)<\/p>\n\n\n\n<p>Bir s\u0131fat\u0131n anlam\u0131n\u0131 kuvvetlendirmek i\u00e7in \u00f6ncesinde kulland\u0131\u011f\u0131m\u0131z <strong><em>molto, tanto<\/em><\/strong> (\u00e7ok) s\u00f6zc\u00fckleri yerine s\u0131fat\u0131n sonuna <em><strong>\u2013issimo<\/strong><\/em> ekini getirebiliriz. Bu eke, s\u0131fat\u0131n nitelendirdi\u011fi ismin cinsiyeti ve say\u0131s\u0131na g\u00f6re <strong><em>\u2013issimo,\u2013issima, \u2013issimi <\/em><\/strong>ve<strong><em> \u2013issime<\/em><\/strong>, yani son harfi<em> \u2013o <\/em>olan s\u0131fatlarda oldu\u011fu gibi d\u00f6rt \u015fekilde rastlayaca\u011f\u0131z.<\/p>\n\n\n\n<div class=\"wp-block-image\"><figure class=\"aligncenter size-medium is-resized\"><img decoding=\"async\" loading=\"lazy\" src=\"http:\/\/www.italianoconulgen.com\/wp-content\/uploads\/2020\/07\/Buona-Giornata-Snoopy-3-1-286x300.jpg\" alt=\"\" class=\"wp-image-6180\" width=\"186\" height=\"196\" srcset=\"http:\/\/www.italianoconulgen.com\/wp-content\/uploads\/2020\/07\/Buona-Giornata-Snoopy-3-1-286x300.jpg 286w, http:\/\/www.italianoconulgen.com\/wp-content\/uploads\/2020\/07\/Buona-Giornata-Snoopy-3-1.jpg 449w\" sizes=\"(max-width: 186px) 100vw, 186px\" \/><\/figure><\/div>\n\n\n\n<p><\/p>\n","protected":false},"excerpt":{"rendered":"<p>Kim daha \u00e7al\u0131\u015fkan? G\u00fcne ve haftaya coronan\u0131n pi\u00f9 forte (daha g\u00fc\u00e7l\u00fc), riskimizin pi\u00f9 grande (daha b\u00fcy\u00fck) ve yolumuzun pi\u00f9 lungo (daha uzun) oldu\u011funu ancora una volta (bir kez daha) dinleyerek ba\u015flad\u0131\u011f\u0131m halde, meno allegra (daha az ne\u015feli) bir ruh haline girmeden, kar\u015f\u0131la\u015ft\u0131rma s\u00f6zc\u00fcklerini anlatmaya ba\u015fl\u0131yorum. \u0130lk olarak comparativo di uguaglianza (ayn\u0131 olma) s\u00f6zc\u00fcklerine bakal\u0131m. E\u011fer &hellip; <a href=\"http:\/\/www.italianoconulgen.com\/index.php\/2020\/07\/06\/chi-e-piu-diligente\/\" class=\"more-link\">Okumaya devam et <span class=\"screen-reader-text\">Chi \u00e8 pi\u00f9 diligente?<\/span><\/a><\/p>\n","protected":false},"author":2,"featured_media":0,"comment_status":"open","ping_status":"open","sticky":false,"template":"","format":"standard","meta":[],"categories":[3,7],"tags":[125,25,28,31,26,62],"_links":{"self":[{"href":"http:\/\/www.italianoconulgen.com\/index.php\/wp-json\/wp\/v2\/posts\/6120"}],"collection":[{"href":"http:\/\/www.italianoconulgen.com\/index.php\/wp-json\/wp\/v2\/posts"}],"about":[{"href":"http:\/\/www.italianoconulgen.com\/index.php\/wp-json\/wp\/v2\/types\/post"}],"author":[{"embeddable":true,"href":"http:\/\/www.italianoconulgen.com\/index.php\/wp-json\/wp\/v2\/users\/2"}],"replies":[{"embeddable":true,"href":"http:\/\/www.italianoconulgen.com\/index.php\/wp-json\/wp\/v2\/comments?post=6120"}],"version-history":[{"count":17,"href":"http:\/\/www.italianoconulgen.com\/index.php\/wp-json\/wp\/v2\/posts\/6120\/revisions"}],"predecessor-version":[{"id":6201,"href":"http:\/\/www.italianoconulgen.com\/index.php\/wp-json\/wp\/v2\/posts\/6120\/revisions\/6201"}],"wp:attachment":[{"href":"http:\/\/www.italianoconulgen.com\/index.php\/wp-json\/wp\/v2\/media?parent=6120"}],"wp:term":[{"taxonomy":"category","embeddable":true,"href":"http:\/\/www.italianoconulgen.com\/index.php\/wp-json\/wp\/v2\/categories?post=6120"},{"taxonomy":"post_tag","embeddable":true,"href":"http:\/\/www.italianoconulgen.com\/index.php\/wp-json\/wp\/v2\/tags?post=6120"}],"curies":[{"name":"wp","href":"https:\/\/api.w.org\/{rel}","templated":true}]}}