{"id":6153,"date":"2020-07-09T06:26:52","date_gmt":"2020-07-09T06:26:52","guid":{"rendered":"http:\/\/www.italianoconulgen.com\/?p=6153"},"modified":"2020-07-09T06:26:52","modified_gmt":"2020-07-09T06:26:52","slug":"citta-lente","status":"publish","type":"post","link":"http:\/\/www.italianoconulgen.com\/index.php\/2020\/07\/09\/citta-lente\/","title":{"rendered":"Citt\u00e0 lente"},"content":{"rendered":"\n<p><em>Yava\u015f \u015fehirler!<\/em><\/p>\n\n\n\n<div class=\"wp-block-image\"><figure class=\"alignright size-large is-resized\"><img decoding=\"async\" loading=\"lazy\" src=\"http:\/\/www.italianoconulgen.com\/wp-content\/uploads\/2020\/07\/indir.png\" alt=\"\" class=\"wp-image-6157\" width=\"123\" height=\"115\"\/><\/figure><\/div>\n\n\n\n<p>\u0130talya&#8217;da <em>Yava\u015f Hareketinin<\/em> par\u00e7as\u0131 olarak 1999 y\u0131l\u0131nda kurulan<em> Cittaslow <\/em>ise Slow Food hareketini kentsel bir boyuta ta\u015f\u0131m\u0131\u015ft\u0131r. Greve in Chianti Belediye Ba\u015fkan\u0131 Paolo Saturnuni&#8217;nin \u00f6nderli\u011finde d\u00f6rt belediyenin kat\u0131l\u0131m\u0131 ile kurulan birlik, 28 \u00fclkede 182 \u00fcyesi olan geni\u015f bir a\u011fd\u0131r. Birlik kuruldu\u011funda<em> yava\u015f \u015fehir<\/em>,<em> <strong>insomma<\/strong><\/em> (yani, ba\u015fka bir deyi\u015fle)<em> sakin \u015fehir<\/em>, olmak i\u00e7in 59 kriter belirlenmi\u015fken 2013 y\u0131l\u0131nda<strong><em> criterio<\/em><\/strong> (kriter) say\u0131s\u0131 70 olmu\u015ftur.<\/p>\n\n\n\n<p><em>Cittaslow<\/em> olabilmenin ilk ko\u015fulu, ba\u015fvuru yapan yerle\u015fim merkezinin n\u00fcfusunun 50.000 alt\u0131nda olmas\u0131. Bir <em>cittaslow<\/em>, Slow Food ilkelerini benimsemeli, yani <em>fast food<\/em> zincirlerine<em> hay\u0131r<\/em> demeli ve geleneksel y\u00f6ntemlerle \u00fcretilen y\u00f6resel tatlar\u0131 sunmal\u0131. Di\u011fer kriterler \u015fu ba\u015fl\u0131klar alt\u0131nda toplanabilir: altyap\u0131, \u00e7evre ve tar\u0131m politikalar\u0131, kentsel kalite, sosyal uyum, turizm ve misafirperverlik, <strong><em>consapevolezza<\/em><\/strong> (fark\u0131ndal\u0131k).<\/p>\n\n\n\n<div class=\"wp-block-image\"><figure class=\"alignright size-medium is-resized\"><img decoding=\"async\" loading=\"lazy\" src=\"http:\/\/www.italianoconulgen.com\/wp-content\/uploads\/2020\/07\/seferihisara-nasil-gidilir-1-300x245.jpg\" alt=\"\" class=\"wp-image-6158\" width=\"172\" height=\"140\" srcset=\"http:\/\/www.italianoconulgen.com\/wp-content\/uploads\/2020\/07\/seferihisara-nasil-gidilir-1-300x245.jpg 300w, http:\/\/www.italianoconulgen.com\/wp-content\/uploads\/2020\/07\/seferihisara-nasil-gidilir-1-768x627.jpg 768w, http:\/\/www.italianoconulgen.com\/wp-content\/uploads\/2020\/07\/seferihisara-nasil-gidilir-1.jpg 835w\" sizes=\"(max-width: 172px) 100vw, 172px\" \/><figcaption><em>Una strada a Seferhisar<br>Seferhisar&#8217;da bir sokak<\/em><\/figcaption><\/figure><\/div>\n\n\n\n<p>T\u00fcrkiye&#8217;nin ilk<em> yava\u015f \u015fehri<\/em>, bu harekete 2009 y\u0131l\u0131nda kat\u0131lan Seferhisar. Ba\u015fl\u0131ca ge\u00e7im kayna\u011f\u0131 tar\u0131m olan Seferhisar, ayn\u0131 zamanda turistik bir yerle\u015fim merkezi. Ancak \u00c7e\u015fme, \u015eirince ve Urla gibi turistik yerlere <strong><em>abbastanza vicino<\/em><\/strong> (olduk\u00e7a yak\u0131n) olmas\u0131na ra\u011fmen, konaklama tesislerindeki yatak kapasitesi bile s\u0131n\u0131rl\u0131 olmak durumunda \u00e7\u00fcnk\u00fc <em>cittaslow<\/em> olman\u0131n bir ko\u015fulu da bu. T\u00fcrkiye&#8217;deki di\u011fer sakin \u015fehirlerden baz\u0131lar\u0131 G\u00f6k\u00e7eada, E\u011fridir, Akyaka, Mudurnu, Per\u015fembe, \u015eav\u015fat, Vize ve Halfeti. <\/p>\n\n\n\n<p><em><strong>Il vero motivo<\/strong><\/em> (ger\u00e7ek, as\u0131l amac\u0131) \u015fehirlerin kendi kimliklerine sahip \u00e7\u0131kmas\u0131n\u0131 ve \u00f6zg\u00fcn kalmas\u0131n\u0131 sa\u011flamak, yava\u015flayarak sakinle\u015fmek, ya\u015fam kalitesini y\u00fckseltmek ve h\u0131zl\u0131 ya\u015fam tarz\u0131ndan, trafikten, g\u00fcr\u00fclt\u00fcden bunalan misafirlere kucak a\u00e7an do\u011fal ve huzurlu k\u00f6\u015feler yaratmak olan<em><strong> <\/strong>Cittaslow<strong> <\/strong><\/em>hareketinin felsefesi, k\u0131saca <em><strong>vivere rallentando la quotidianit\u00e0<\/strong><\/em> (g\u00fcnl\u00fck hayat\u0131 yava\u015flatarak ya\u015famak).<\/p>\n\n\n\n<p><strong><em>Citt\u00e0 lente<\/em><\/strong> hareketinin yirmi y\u0131lda 28 \u00fclkede<em> h\u0131zla<\/em> yay\u0131ld\u0131\u011f\u0131 d\u00fc\u015f\u00fcn\u00fcl\u00fcrken, asl\u0131nda bunun<em> <\/em>salyangoz h\u0131z\u0131nda<em><strong> lentissimo <\/strong><\/em>(\u00e7ok yava\u015f) bir ilerleme oldu\u011funu g\u00f6rd\u00fck. corona t\u00fcm d\u00fcnya \u015fehirlerini iki ay gibi k\u0131sa bir s\u00fcrede <em>yava\u015f \u015fehre<\/em> \u00e7evirdi, herhangi bir kriter getirmeden.<\/p>\n\n\n\n<p>G\u00fcnl\u00fck hayatlar\u0131m\u0131z uzun s\u00fcredir yava\u015f. Evlerimiz geleneksel ve yerel organik g\u0131dalarla Slow Food merkezlerine d\u00f6nd\u00fc, g\u00fcr\u00fclt\u00fc ve trafik yok art\u0131k hayatlar\u0131m\u0131zda, fark\u0131ndal\u0131\u011f\u0131m\u0131z artt\u0131 ama huzurumuz ka\u00e7t\u0131. Evlerimizde <em><strong>pi\u00f9 sicuro<\/strong> <\/em>(daha g\u00fcvenli) ve<strong> <em>pi\u00f9 sano<\/em> <\/strong>(daha sa\u011fl\u0131kl\u0131) bir ortamda ya\u015f\u0131yor olmam\u0131za ra\u011fmen, s\u00fcrekli bir sa\u011fl\u0131k tehdidiyle <strong><em>meno tranquillo <\/em><\/strong>(daha az sakin) olduk. Organik beslensek de organik bulu\u015fmalar, sar\u0131lmalar, kavu\u015fmalar olmay\u0131nca eksi\u011fiz.<\/p>\n\n\n\n<p class=\"has-text-align-center\"><em><strong>C&#8217;\u00e9 un legame segreto fra lentezza e memoria, fra velocit\u00e0 e oblio.<\/strong><\/em><\/p>\n\n\n\n<p class=\"has-text-align-right\"><em><strong>Milan Kundera, Lentezza<\/strong><\/em><\/p>\n\n\n\n<div class=\"wp-block-image\"><figure class=\"alignleft size-medium is-resized\"><img decoding=\"async\" loading=\"lazy\" src=\"http:\/\/www.italianoconulgen.com\/wp-content\/uploads\/2020\/07\/5000000400767_0_0_0_768_75-225x300.jpg\" alt=\"\" class=\"wp-image-6192\" width=\"65\" height=\"86\" srcset=\"http:\/\/www.italianoconulgen.com\/wp-content\/uploads\/2020\/07\/5000000400767_0_0_0_768_75-225x300.jpg 225w, http:\/\/www.italianoconulgen.com\/wp-content\/uploads\/2020\/07\/5000000400767_0_0_0_768_75.jpg 576w\" sizes=\"(max-width: 65px) 100vw, 65px\" \/><\/figure><\/div>\n\n\n\n<p>Milan Kundera <em>Yava\u015fl\u0131k<\/em> roman\u0131nda, <em>Yava\u015fl\u0131k ile an\u0131msama, h\u0131z ile unutma aras\u0131nda gizli bir ili\u015fki vard\u0131r<\/em> diyor. Yava\u015fl\u0131\u011f\u0131n derecesinin an\u0131n\u0131n yo\u011funlu\u011fuyla do\u011fru orant\u0131l\u0131 oldu\u011funun, h\u0131z\u0131n derecesinin de unutman\u0131n yo\u011funlu\u011fuyla do\u011fru orant\u0131l\u0131 oldu\u011funu s\u00f6yl\u00fcyor. <\/p>\n\n\n\n<p>Evet, yava\u015fl\u0131k <em>h\u0131zl\u0131 <\/em>g\u00fcnl\u00fck ya\u015famda <em>h\u0131zla <\/em>unutulan eskiyi en ince ayr\u0131nt\u0131larla an\u0131msatt\u0131 ama <em>yava\u015f <\/em>ya\u015fam da g\u00fcnl\u00fck hayatta endi\u015fe verici d\u00fczeyde bir unutkanl\u0131k ba\u015flatt\u0131 bende.<\/p>\n\n\n\n<p><\/p>\n\n\n\n<p>Bir de sizi bilmem ama <em>fast food<\/em> \u00f6zledim ben \u00e7ok!<\/p>\n\n\n\n<div class=\"wp-block-image\"><figure class=\"aligncenter size-large is-resized\"><img decoding=\"async\" loading=\"lazy\" src=\"http:\/\/www.italianoconulgen.com\/wp-content\/uploads\/2020\/07\/fyhfYHhM3L-12.png\" alt=\"\" class=\"wp-image-6191\" width=\"186\" height=\"155\"\/><\/figure><\/div>\n","protected":false},"excerpt":{"rendered":"<p>Yava\u015f \u015fehirler! \u0130talya&#8217;da Yava\u015f Hareketinin par\u00e7as\u0131 olarak 1999 y\u0131l\u0131nda kurulan Cittaslow ise Slow Food hareketini kentsel bir boyuta ta\u015f\u0131m\u0131\u015ft\u0131r. Greve in Chianti Belediye Ba\u015fkan\u0131 Paolo Saturnuni&#8217;nin \u00f6nderli\u011finde d\u00f6rt belediyenin kat\u0131l\u0131m\u0131 ile kurulan birlik, 28 \u00fclkede 182 \u00fcyesi olan geni\u015f bir a\u011fd\u0131r. Birlik kuruldu\u011funda yava\u015f \u015fehir, insomma (yani, ba\u015fka bir deyi\u015fle) sakin \u015fehir, olmak i\u00e7in 59 &hellip; <a href=\"http:\/\/www.italianoconulgen.com\/index.php\/2020\/07\/09\/citta-lente\/\" class=\"more-link\">Okumaya devam et <span class=\"screen-reader-text\">Citt\u00e0 lente<\/span><\/a><\/p>\n","protected":false},"author":2,"featured_media":0,"comment_status":"open","ping_status":"open","sticky":false,"template":"","format":"standard","meta":[],"categories":[9,7,5],"tags":[],"_links":{"self":[{"href":"http:\/\/www.italianoconulgen.com\/index.php\/wp-json\/wp\/v2\/posts\/6153"}],"collection":[{"href":"http:\/\/www.italianoconulgen.com\/index.php\/wp-json\/wp\/v2\/posts"}],"about":[{"href":"http:\/\/www.italianoconulgen.com\/index.php\/wp-json\/wp\/v2\/types\/post"}],"author":[{"embeddable":true,"href":"http:\/\/www.italianoconulgen.com\/index.php\/wp-json\/wp\/v2\/users\/2"}],"replies":[{"embeddable":true,"href":"http:\/\/www.italianoconulgen.com\/index.php\/wp-json\/wp\/v2\/comments?post=6153"}],"version-history":[{"count":20,"href":"http:\/\/www.italianoconulgen.com\/index.php\/wp-json\/wp\/v2\/posts\/6153\/revisions"}],"predecessor-version":[{"id":8974,"href":"http:\/\/www.italianoconulgen.com\/index.php\/wp-json\/wp\/v2\/posts\/6153\/revisions\/8974"}],"wp:attachment":[{"href":"http:\/\/www.italianoconulgen.com\/index.php\/wp-json\/wp\/v2\/media?parent=6153"}],"wp:term":[{"taxonomy":"category","embeddable":true,"href":"http:\/\/www.italianoconulgen.com\/index.php\/wp-json\/wp\/v2\/categories?post=6153"},{"taxonomy":"post_tag","embeddable":true,"href":"http:\/\/www.italianoconulgen.com\/index.php\/wp-json\/wp\/v2\/tags?post=6153"}],"curies":[{"name":"wp","href":"https:\/\/api.w.org\/{rel}","templated":true}]}}