{"id":7044,"date":"2020-08-11T05:34:50","date_gmt":"2020-08-11T05:34:50","guid":{"rendered":"http:\/\/www.italianoconulgen.com\/?p=7044"},"modified":"2020-09-28T12:26:08","modified_gmt":"2020-09-28T12:26:08","slug":"verbi-riflessivi","status":"publish","type":"post","link":"http:\/\/www.italianoconulgen.com\/index.php\/2020\/08\/11\/verbi-riflessivi\/","title":{"rendered":"Verbi riflessivi"},"content":{"rendered":"\n<p><em>D\u00f6n\u00fc\u015fl\u00fc fiiller!<\/em><\/p>\n\n\n\n<p>\u0130talyanca&#8217;da fiillerin mastar halinde<strong> <em>-are, -ere<\/em> <\/strong>veya<em> <strong>-ire<\/strong> <\/em>ile bitti\u011fini s\u00f6ylemi\u015ftim. D\u00f6n\u00fc\u015fl\u00fc fiiller ise bu fiillerden t\u00fcreyip<em><strong> -arsi, -ersi <\/strong><\/em>veya<strong> <em>-irsi<\/em> i<\/strong>le biten fiillerdir (<em><strong>si<\/strong><\/em> burada <em>kendi, kendini <\/em>veya <em>kendine<\/em> anlam\u0131na gelir).<\/p>\n\n\n\n<p>Bu fiiller, ki\u015finin veya ki\u015filerin kendine d\u00f6n\u00fck yapt\u0131klar\u0131 eylemleri<mark> <em>(y\u0131kanmak, giyinmek, taranmak, uyanmak, kalkmak) <\/em><\/mark>ya da birden fazla ki\u015finin kar\u015f\u0131l\u0131kl\u0131 olarak ger\u00e7ekle\u015ftirdi\u011fi eylemleri <mark><em>(bulu\u015fmak, kar\u015f\u0131la\u015fmak, selamla\u015fmak, g\u00f6r\u00fc\u015fmek, haberle\u015fmek)<\/em> <\/mark>anlatmak i\u00e7in kullan\u0131l\u0131r.<\/p>\n\n\n\n<p>D\u00f6n\u00fc\u015f\u00fc fiiller, ge\u00e7i\u015fli (nesne alabilen) bir fiil mastar\u0131ndan elde edilmi\u015ftir.<mark> <strong><em>Lavare<\/em><\/strong> fiili &#8216;y\u0131kamak&#8217; anlam\u0131na gelirken,<strong><em> lavarsi <\/em><\/strong>d\u00f6n\u00fc\u015fl\u00fc fiili &#8216;y\u0131kanmak&#8217;<em> <\/em>anlam\u0131na gelir. <\/mark>Kar\u015f\u0131l\u0131kl\u0131 olarak yap\u0131lan bir eylemi anlatan ikinci gruptan bir \u00f6rnek vermek gerekirse, <mark>&#8216;selamlamak&#8217; anlam\u0131na gelen <strong><em>salutare<\/em><\/strong> fiilinden gelen <strong><em>salutarsi<\/em><\/strong> d\u00f6n\u00fc\u015fl\u00fc fiili ise &#8216;selamla\u015fmak&#8217; anlam\u0131na gelir.<\/mark><\/p>\n\n\n\n<p><strong><em>Pronomi riflessivi<\/em><\/strong> (d\u00f6n\u00fc\u015fl\u00fc zamirler), tekil ve \u00e7o\u011ful \u015fah\u0131slar i\u00e7in s\u0131ras\u0131yla <em><strong>mi, ti, si, ci vi, si<\/strong><\/em> olarak kullan\u0131l\u0131r.<\/p>\n\n\n\n<p>T\u00fcm d\u00f6n\u00fc\u015fl\u00fc fiiller ge\u00e7mi\u015f zamanda <strong><em>essere <\/em><\/strong>yard\u0131mc\u0131 fiili ile \u00e7ekilir ve bu nedenle fiilin ge\u00e7mi\u015f zaman hali cinsiyete g\u00f6re de\u011fi\u015fir.<\/p>\n\n\n\n<p>\u015eimdi bu iki gruba ayr\u0131 ayr\u0131 bakal\u0131m:<\/p>\n\n\n\n<ul><li><mark>Yukar\u0131da bahsetti\u011fim ilk gruptaki fiiller, bir veya birden fazla ki\u015finin kendine d\u00f6n\u00fck olarak ger\u00e7ekle\u015ftirdi\u011fi bir eylemi anlat\u0131r ve t\u00fcm \u015fah\u0131slar i\u00e7in \u00e7ekilir.<\/mark><\/li><\/ul>\n\n\n\n<p><strong><em>Verbi:<\/em><\/strong> lavare (y\u0131kamak), pettinare (taramak), alzare (kald\u0131rmak), svegliare (uyand\u0131rmak), vestire (giydirmek), spogliare (soymak), trovare (bulmak),<br>muovere (hareket ettirmek, yerini de\u011fi\u015ftirmek), avvicinare (yakla\u015ft\u0131rmak), preparare (haz\u0131rlamak), chiamare (\u00e7a\u011f\u0131rmak)<\/p>\n\n\n\n<p><strong><em>Verbi riflessivi:<\/em><\/strong> lavarsi (y\u0131kanmak), pettinarsi (taranmak), alzarsi (kalkmak), svegliarsi (uyanmak), vestirsi (giyinmek), spogliarsi (soyunmak),<br>trovarsi (bulunmak), muoversi (hareket etmek, yer de\u011fi\u015ftirmek), avvicinarsi (yakla\u015fmak), prepararsi (haz\u0131rlanmak), chiamarsi (ad\u0131 olmak)<\/p>\n\n\n\n<p>\u00d6rnek olarak <strong><em>alzarsi <\/em><\/strong>(kalkmak) fiilini \u00f6nce geni\u015f, sonra da ge\u00e7mi\u015f zamanda \u00e7ekelim:<\/p>\n\n\n\n<p class=\"has-text-align-center\"><em><mark>mi alzo-ti alzi-si alza-ci alziamo-vi alzate-si alzano<\/mark><\/em><\/p>\n\n\n\n<p class=\"has-text-align-center\"><em><mark>mi sono alzato\/a-ti sei alzato\/a-si \u00e8 alzato\/a-ci siamo alzati\/e-vi siete alzati\/e-si sono alzati\/e<\/mark><\/em><\/p>\n\n\n\n<p class=\"has-text-align-center\"><em><strong>Normalmente mi alzo molto presto ma stamattina mi sono alzato\/a alle dieci.<\/strong><br><\/em>(Normalde \u00e7ok erken kalkar\u0131m ama bu sabah onda kalkt\u0131m)<em><br><strong>Si \u00e8 alzato\/a dalla sedia ed \u00e8 salito\/a sul palco.<\/strong><br>(Sandalyeden kalkt\u0131 ve sahneye \u00e7\u0131kt\u0131)<\/em><\/p>\n\n\n\n<div class=\"wp-block-image\"><figure class=\"alignleft size-medium is-resized\"><img decoding=\"async\" loading=\"lazy\" src=\"http:\/\/www.italianoconulgen.com\/wp-content\/uploads\/2020\/08\/\u015fampuann-268x300.jpg\" alt=\"\" class=\"wp-image-7121\" width=\"74\" height=\"83\" srcset=\"http:\/\/www.italianoconulgen.com\/wp-content\/uploads\/2020\/08\/\u015fampuann-268x300.jpg 268w, http:\/\/www.italianoconulgen.com\/wp-content\/uploads\/2020\/08\/\u015fampuann-914x1024.jpg 914w, http:\/\/www.italianoconulgen.com\/wp-content\/uploads\/2020\/08\/\u015fampuann-768x861.jpg 768w, http:\/\/www.italianoconulgen.com\/wp-content\/uploads\/2020\/08\/\u015fampuann-1371x1536.jpg 1371w, http:\/\/www.italianoconulgen.com\/wp-content\/uploads\/2020\/08\/\u015fampuann.jpg 1634w\" sizes=\"(max-width: 74px) 100vw, 74px\" \/><\/figure><\/div>\n\n\n\n<p>Giorgio Gaber&#8217;in <em>Lo Shampoo<\/em> \u015fark\u0131s\u0131ndaki <strong><em>non si muove una foglia <\/em><\/strong>(bir yaprak bile k\u0131p\u0131rdam\u0131yor) ifadesi, <strong><em>muoversi <\/em><\/strong>d\u00f6n\u00fc\u015fl\u00fc fiilinin geni\u015f zaman \u00e7ekimini i\u00e7eriyor. <\/p>\n\n\n\n<p>D\u00f6n\u00fc\u015fl\u00fc bir fiil, daha \u00f6nce g\u00f6rd\u00fc\u011f\u00fcm\u00fcz <strong><em>si mangia <\/em><\/strong>(yenir),<strong><em> si dice<\/em><\/strong> (denir, s\u00f6ylenir), <em><strong>si scrive<\/strong><\/em> (yaz\u0131l\u0131r) \u00f6rneklerindeki <em><strong>si passivante<\/strong><\/em> ile kullan\u0131larak edilgen bir c\u00fcmle kurulacaksa, iki kez <strong><em>si<\/em><\/strong> yerine <strong><em>ci si <\/em><\/strong>kullan\u0131l\u0131r:<\/p>\n\n\n\n<p class=\"has-text-align-center\"><em><strong>Ci si alza tardi quando non c\u2019\u00e9 scuola<\/strong> <\/em>(okul yokken ge\u00e7 kalk\u0131l\u0131r).<\/p>\n\n\n\n<p>Ad\u0131m\u0131z\u0131 s\u00f6ylerken <strong><em>Mi chiamo <\/em><\/strong>dememizin nedeni, <strong><em>chiamarsi <\/em><\/strong>d\u00f6n\u00fc\u015fl\u00fc fiilini kullan\u0131yor olmam\u0131zd\u0131r.<br><\/p>\n\n\n\n<p><strong><em>Lavarsi<\/em><\/strong> d\u00f6n\u00fc\u015fl\u00fc fiili &#8216;y\u0131kanmak\u2019 anlam\u0131na geldi\u011fi gibi,<em><strong> lavarsi le mani <\/strong><\/em>\u2018ellerini y\u0131kamak\u2019 veya lavarsi i capelli \u2018sa\u00e7lar\u0131n\u0131 y\u0131kamak\u2019 anlam\u0131na gelir.<\/p>\n\n\n\n<div class=\"wp-block-image\"><figure class=\"alignright size-medium is-resized\"><img decoding=\"async\" loading=\"lazy\" src=\"http:\/\/www.italianoconulgen.com\/wp-content\/uploads\/2020\/08\/cartoon-woman-washing-her-hair-with-shampoo-vector-27517768-228x300.jpg\" alt=\"\" class=\"wp-image-7112\" width=\"71\" height=\"95\"\/><\/figure><\/div>\n\n\n\n<p class=\"has-text-align-center\"><em><strong>Mi lavo le mani molto spesso<\/strong><\/em> (Ellerimi \u00e7ok s\u0131k y\u0131kar\u0131m)<br><em><strong>Si lava i capelli ogni giorno<\/strong> <\/em>(Sa\u00e7lar\u0131n\u0131 her g\u00fcn y\u0131kar)<br><\/p>\n\n\n\n<p>\u0130talyanca\u2019da elleri<em>ni, y\u00fcz\u00fcn\u00fc, sa\u00e7lar\u0131n\u0131 y\u0131kamak <\/em>veya <em>sa\u00e7lar\u0131n\u0131 yapt\u0131rmak, kestirmek<\/em> gibi ifadelerde iyelik s\u0131fatlar\u0131 <em>(le mie mani, la mia faccia, i miei capelli) <\/em>kullan\u0131lmaz.<\/p>\n\n\n\n<p><em><strong>mi, ti, si, ci vi, si<\/strong><\/em> zamirleri mastar halinde kalan bir fiil ile birle\u015febilir, dolay\u0131s\u0131yla<strong><em> dover<\/em><\/strong>e (zorunda olmak),<strong><em> volere<\/em><\/strong> (istemek), <em><strong>potere<\/strong><\/em> (yapabilmek) yard\u0131mc\u0131 fiilleri kullan\u0131rken iki \u015fekilde ifade etmek m\u00fcmk\u00fcnd\u00fcr:<\/p>\n\n\n\n<p class=\"has-text-align-center\"><em><strong>Domani <mark>mi devo svegliare<\/mark> alle cinque<\/strong><\/em> (Yar\u0131n be\u015fte uyanmam gerek)<\/p>\n\n\n\n<p class=\"has-text-align-left\">Bu c\u00fcmleyi <em><strong>Domani <mark>devo svegliarmi <\/mark>alle cinque <\/strong><\/em>olarak da kurabiliriz. <\/p>\n\n\n\n<p class=\"has-text-align-left\">Ayn\u0131 \u015fey <em><strong>gerundio <\/strong><\/em>halinde kullan\u0131lan fiiller i\u00e7in de ge\u00e7erlidir:<\/p>\n\n\n\n<div class=\"wp-block-image\"><figure class=\"alignleft size-medium is-resized\"><img decoding=\"async\" loading=\"lazy\" src=\"http:\/\/www.italianoconulgen.com\/wp-content\/uploads\/2020\/08\/boy-washing-hands-side-view-children-standing-sink-little-his-bathroom-vector-cartoon-illustrations-isolated-white-126901571-300x300.jpg\" alt=\"\" class=\"wp-image-7100\" width=\"100\" height=\"100\" srcset=\"http:\/\/www.italianoconulgen.com\/wp-content\/uploads\/2020\/08\/boy-washing-hands-side-view-children-standing-sink-little-his-bathroom-vector-cartoon-illustrations-isolated-white-126901571-300x300.jpg 300w, http:\/\/www.italianoconulgen.com\/wp-content\/uploads\/2020\/08\/boy-washing-hands-side-view-children-standing-sink-little-his-bathroom-vector-cartoon-illustrations-isolated-white-126901571-150x150.jpg 150w, http:\/\/www.italianoconulgen.com\/wp-content\/uploads\/2020\/08\/boy-washing-hands-side-view-children-standing-sink-little-his-bathroom-vector-cartoon-illustrations-isolated-white-126901571-768x768.jpg 768w, http:\/\/www.italianoconulgen.com\/wp-content\/uploads\/2020\/08\/boy-washing-hands-side-view-children-standing-sink-little-his-bathroom-vector-cartoon-illustrations-isolated-white-126901571.jpg 800w\" sizes=\"(max-width: 100px) 100vw, 100px\" \/><\/figure><\/div>\n\n\n\n<p class=\"has-text-align-center\"><strong><em><mark>Mi sto lavando <\/mark>le mani<\/em><\/strong> (Ellerimi y\u0131k\u0131yorum).<br><\/p>\n\n\n\n<p class=\"has-text-align-left\">Bu c\u00fcmle de <mark><em><strong>Sto lavandomi<\/strong><\/em><\/mark><em><strong> le mani <\/strong><\/em>\u015feklinde kurulabilir.<\/p>\n\n\n\n<ul><li><mark>\u0130kinci gruptaki fiiller ise birden fazla ki\u015finin kar\u015f\u0131l\u0131kl\u0131 ger\u00e7ekle\u015ftirdi\u011fi bir eylemi anlat\u0131r ve bu nedenle yaln\u0131zca \u00fc\u00e7 \u00e7o\u011ful \u015fah\u0131s i\u00e7in \u00e7ekilir.<\/mark><\/li><\/ul>\n\n\n\n<p class=\"has-text-align-left\"><strong><em>Verbi: <\/em><\/strong>vedere (g\u00f6rmek), incontrare (bulmak, rastlamak), sentire (duymak), salutare (selamlamak), abbracciare (kucaklamak), baciare (\u00f6pmek), trovare (bulmak)<\/p>\n\n\n\n<p class=\"has-text-align-left\"><strong><em>Verbi riflessivi<\/em><\/strong>: vedersi (g\u00f6r\u00fc\u015fmek), incontrarsi (bulu\u015fmak, rastla\u015fmak), sentirsi (haberle\u015fmek), salutarsi (selamla\u015fmak), abbracciarsi (kucakla\u015fmak), baciarsi (\u00f6p\u00fc\u015fmek), trovarsi (bulu\u015fmak)<\/p>\n\n\n\n<p class=\"has-text-align-left\">\u00d6rnek olarak<em><strong> vedersi<\/strong><\/em> (g\u00f6r\u00fc\u015fmek) d\u00f6n\u00fc\u015fl\u00fc fiilinin geni\u015f ve ge\u00e7mi\u015f zamanda nas\u0131l \u00e7ekildi\u011fine bakal\u0131m:<\/p>\n\n\n\n<p class=\"has-text-align-center\"><em><mark>ci vediamo-vi vedete-si vedono<\/mark><\/em><\/p>\n\n\n\n<p class=\"has-text-align-center\"><em><mark>ci siamo visti\/e-vi siete visti\/e-si sono visti\/e<\/mark><\/em><\/p>\n\n\n\n<p><em><strong>Normalmente ci vediamo ogni settimana ma questa settimana non ci siamo visti\/e.<\/strong><\/em> (Normalde her hafta g\u00f6r\u00fc\u015f\u00fcr\u00fcz ama bu hafta g\u00f6r\u00fc\u015fmedik)<\/p>\n\n\n\n<p>E\u011fer \u2018g\u00f6r\u00fc\u015fmedik\u2019 yerine \u2018g\u00f6r\u00fc\u015femedik\u2019 demek istersek potere fiilini kullanarak <strong><em>Non ci siamo potuti\/e vedere<\/em><\/strong> demeliyiz \u00e7\u00fcnk\u00fc <em><strong>essere<\/strong><\/em> ile \u00e7ekilen fiiller kullan\u0131ld\u0131\u011f\u0131nda <strong><em>verbi ausiliari<\/em><\/strong> (volere, potere, dovere) <strong><em>essere<\/em><\/strong> ile \u00e7ekilir ve d\u00f6n\u00fc\u015fl\u00fc fiiller de s\u00f6yledi\u011fim gibi her zaman <strong><em>essere<\/em><\/strong> ile \u00e7ekilir.<\/p>\n\n\n\n<p><strong><em>Non ci siamo potuti\/e vedere <\/em><\/strong>(g\u00f6r\u00fc\u015femedik) se\u00e7ene\u011fi <strong><em>Non siamo potuti\/e vederci <\/em><\/strong>olarak da s\u00f6ylenebilir.<\/p>\n\n\n\n<p class=\"has-text-align-center\"><em><strong>Ci vediamo domani<\/strong><\/em> (Yar\u0131n g\u00f6r\u00fc\u015f\u00fcr\u00fcz veya Yar\u0131n g\u00f6r\u00fc\u015felim)<br><strong><em>Ci vediamo domani?<\/em><\/strong> (Yar\u0131n g\u00f6r\u00fc\u015f\u00fcyor muyuz veya Yar\u0131n g\u00f6r\u00fc\u015felim mi)<br><em><strong>Ci sentiamo allora <\/strong><\/em>(Haberle\u015firiz o zaman)<\/p>\n\n\n\n<p><strong><em>Arrivederci <\/em><\/strong>ifadesi de <strong><em>vedersi<\/em><\/strong> d\u00f6n\u00fc\u015fl\u00fc fiilinden geliyor ve anlam\u0131 tam olarak <em>yeniden g\u00f6r\u00fc\u015fmek \u00fczere.<\/em><\/p>\n\n\n\n<p class=\"has-text-align-center\"><strong><em>Vorrei vedersi pi\u00f9 spesso<\/em><\/strong><br>(Daha s\u0131k g\u00f6r\u00fc\u015fmek isterim)<br><strong><em>Devono trovarsi per discutere le cose<\/em><\/strong><br>(Meseleleri tart\u0131\u015fmak i\u00e7in bulu\u015fmalar\u0131 gerek)<\/p>\n\n\n\n<p class=\"has-text-align-left\"><br>Her iki grupta da olan <strong><em>trovarsi <\/em><\/strong>d\u00f6n\u00fc\u015fl\u00fc fiili <em>bulunmak<\/em> veya <em>bulu\u015fmak<\/em> anlam\u0131na gelir.<\/p>\n\n\n\n<div class=\"wp-block-image\"><figure class=\"alignright size-medium is-resized\"><img decoding=\"async\" loading=\"lazy\" src=\"http:\/\/www.italianoconulgen.com\/wp-content\/uploads\/2020\/08\/katedral-300x294.jpg\" alt=\"\" class=\"wp-image-7049\" width=\"94\" height=\"92\" srcset=\"http:\/\/www.italianoconulgen.com\/wp-content\/uploads\/2020\/08\/katedral-300x294.jpg 300w, http:\/\/www.italianoconulgen.com\/wp-content\/uploads\/2020\/08\/katedral-1024x1004.jpg 1024w, http:\/\/www.italianoconulgen.com\/wp-content\/uploads\/2020\/08\/katedral-768x753.jpg 768w, http:\/\/www.italianoconulgen.com\/wp-content\/uploads\/2020\/08\/katedral-1536x1506.jpg 1536w, http:\/\/www.italianoconulgen.com\/wp-content\/uploads\/2020\/08\/katedral-2048x2009.jpg 2048w\" sizes=\"(max-width: 94px) 100vw, 94px\" \/><figcaption><em>Piazza Duomo a Milano<\/em><\/figcaption><\/figure><\/div>\n\n\n\n<p class=\"has-text-align-center\"><em><strong>Dove si trova la piazza pi\u00f9 grande della citt\u00e0?<\/strong><\/em><br>(\u015eehrin en b\u00fcy\u00fck meydan\u0131 nerede)<br><em><strong>Dove si trovano le piazze pi\u00f9 grandi della citt\u00e0?<\/strong><\/em><br>(\u015eehrin en b\u00fcy\u00fck meydanlar\u0131 nerede)<br><em><strong>Ogni volta che vado in Italia, Laura ed io ci troviamo a Roma<\/strong><\/em><br>(\u0130talya\u2019ya her gitti\u011fimde Laura ile Roma\u2019da bulu\u015furuz)<br><em><strong>Dopo il concerto ci troviamo in Piazza Duomo<\/strong><\/em><br>(Konserden sonra Duomo Meydan\u0131\u2019nda bulu\u015fuyoruz\/bulu\u015fal\u0131m)<\/p>\n\n\n\n<div class=\"wp-block-image\"><figure class=\"alignleft size-large is-resized\"><img decoding=\"async\" loading=\"lazy\" src=\"http:\/\/www.italianoconulgen.com\/wp-content\/uploads\/2020\/08\/istockphoto-1210756042-612x612-2.jpg\" alt=\"\" class=\"wp-image-7116\" width=\"109\" height=\"109\" srcset=\"http:\/\/www.italianoconulgen.com\/wp-content\/uploads\/2020\/08\/istockphoto-1210756042-612x612-2.jpg 612w, http:\/\/www.italianoconulgen.com\/wp-content\/uploads\/2020\/08\/istockphoto-1210756042-612x612-2-300x300.jpg 300w, http:\/\/www.italianoconulgen.com\/wp-content\/uploads\/2020\/08\/istockphoto-1210756042-612x612-2-150x150.jpg 150w\" sizes=\"(max-width: 109px) 100vw, 109px\" \/><figcaption><em>Vostradam<\/em>us<br><em>Sizindamus<\/em><\/figcaption><\/figure><\/div>\n\n\n\n<p><strong>Not: <\/strong>Bu konu anlat\u0131m\u0131n\u0131 kitab\u0131mdan al\u0131p eklemeler, de\u011fi\u015ftirmeler yapt\u0131m. S\u00fcrekli <em><strong>lavare<\/strong><\/em> (y\u0131kamak) fiilini \u00f6rnek verip el y\u0131kamaktan bahsetmi\u015fim, ba\u015f\u0131m\u0131za gelecekleri bilirmi\u015f gibi!<\/p>\n\n\n\n<div class=\"wp-block-image\"><figure class=\"aligncenter size-medium is-resized\"><img decoding=\"async\" loading=\"lazy\" src=\"http:\/\/www.italianoconulgen.com\/wp-content\/uploads\/2020\/08\/240_F_319843698_h9fIGPMrgzoEeRl6ROVS0OWGj7Dc9Aag-300x200.jpg\" alt=\"\" class=\"wp-image-7123\" width=\"272\" height=\"181\" srcset=\"http:\/\/www.italianoconulgen.com\/wp-content\/uploads\/2020\/08\/240_F_319843698_h9fIGPMrgzoEeRl6ROVS0OWGj7Dc9Aag-300x200.jpg 300w, http:\/\/www.italianoconulgen.com\/wp-content\/uploads\/2020\/08\/240_F_319843698_h9fIGPMrgzoEeRl6ROVS0OWGj7Dc9Aag.jpg 360w\" sizes=\"(max-width: 272px) 100vw, 272px\" \/><\/figure><\/div>\n\n\n\n<figure class=\"wp-block-embed-youtube wp-block-embed is-type-video is-provider-youtube wp-embed-aspect-16-9 wp-has-aspect-ratio\"><div class=\"wp-block-embed__wrapper\">\n<iframe loading=\"lazy\" title=\"Italian Grammar Tips - Reflexive Verbs\" width=\"660\" height=\"371\" src=\"https:\/\/www.youtube.com\/embed\/6G0-GGY--KE?feature=oembed\" frameborder=\"0\" allow=\"accelerometer; autoplay; encrypted-media; gyroscope; picture-in-picture\" allowfullscreen><\/iframe>\n<\/div><\/figure>\n","protected":false},"excerpt":{"rendered":"<p>D\u00f6n\u00fc\u015fl\u00fc fiiller! \u0130talyanca&#8217;da fiillerin mastar halinde -are, -ere veya -ire ile bitti\u011fini s\u00f6ylemi\u015ftim. D\u00f6n\u00fc\u015fl\u00fc fiiller ise bu fiillerden t\u00fcreyip -arsi, -ersi veya -irsi ile biten fiillerdir (si burada kendi, kendini veya kendine anlam\u0131na gelir). Bu fiiller, ki\u015finin veya ki\u015filerin kendine d\u00f6n\u00fck yapt\u0131klar\u0131 eylemleri (y\u0131kanmak, giyinmek, taranmak, uyanmak, kalkmak) ya da birden fazla ki\u015finin kar\u015f\u0131l\u0131kl\u0131 olarak &hellip; <a href=\"http:\/\/www.italianoconulgen.com\/index.php\/2020\/08\/11\/verbi-riflessivi\/\" class=\"more-link\">Okumaya devam et <span class=\"screen-reader-text\">Verbi riflessivi<\/span><\/a><\/p>\n","protected":false},"author":2,"featured_media":0,"comment_status":"open","ping_status":"open","sticky":false,"template":"","format":"standard","meta":[],"categories":[3,7],"tags":[122,25,28,31,26,62,121],"_links":{"self":[{"href":"http:\/\/www.italianoconulgen.com\/index.php\/wp-json\/wp\/v2\/posts\/7044"}],"collection":[{"href":"http:\/\/www.italianoconulgen.com\/index.php\/wp-json\/wp\/v2\/posts"}],"about":[{"href":"http:\/\/www.italianoconulgen.com\/index.php\/wp-json\/wp\/v2\/types\/post"}],"author":[{"embeddable":true,"href":"http:\/\/www.italianoconulgen.com\/index.php\/wp-json\/wp\/v2\/users\/2"}],"replies":[{"embeddable":true,"href":"http:\/\/www.italianoconulgen.com\/index.php\/wp-json\/wp\/v2\/comments?post=7044"}],"version-history":[{"count":26,"href":"http:\/\/www.italianoconulgen.com\/index.php\/wp-json\/wp\/v2\/posts\/7044\/revisions"}],"predecessor-version":[{"id":7233,"href":"http:\/\/www.italianoconulgen.com\/index.php\/wp-json\/wp\/v2\/posts\/7044\/revisions\/7233"}],"wp:attachment":[{"href":"http:\/\/www.italianoconulgen.com\/index.php\/wp-json\/wp\/v2\/media?parent=7044"}],"wp:term":[{"taxonomy":"category","embeddable":true,"href":"http:\/\/www.italianoconulgen.com\/index.php\/wp-json\/wp\/v2\/categories?post=7044"},{"taxonomy":"post_tag","embeddable":true,"href":"http:\/\/www.italianoconulgen.com\/index.php\/wp-json\/wp\/v2\/tags?post=7044"}],"curies":[{"name":"wp","href":"https:\/\/api.w.org\/{rel}","templated":true}]}}