{"id":7110,"date":"2020-08-14T06:31:44","date_gmt":"2020-08-14T06:31:44","guid":{"rendered":"http:\/\/www.italianoconulgen.com\/?p=7110"},"modified":"2021-05-07T14:00:39","modified_gmt":"2021-05-07T14:00:39","slug":"palio-di-siena","status":"publish","type":"post","link":"http:\/\/www.italianoconulgen.com\/index.php\/2020\/08\/14\/palio-di-siena\/","title":{"rendered":"Palio di Siena"},"content":{"rendered":"\n<p>\u0130talyan otomobil \u00fcreticisi Fiat&#8217;\u0131n Siena ve Palio modelleri, ilham\u0131n\u0131 Toskana b\u00f6lgesindeki Siena \u015fehrinden ve burada her y\u0131l 2 Temmuz ve 16 A\u011fustos tarihlerinde yap\u0131lan <em>Palio di Siena<\/em> at yar\u0131\u015flar\u0131ndan alm\u0131\u015ft\u0131r. Palio yar\u0131\u015flar\u0131na kat\u0131lan her at ve binicisi \u015fehrin 17 semtinden birini temsil eder. <strong><em>Contrada<\/em><\/strong> ad\u0131 verilen bu <strong><em>distretti <\/em><\/strong>(semtler) \u00e7o\u011funlukla hayvan adlar\u0131 ta\u015f\u0131maktad\u0131r:<\/p>\n\n\n\n<p><strong><em>Aquila<\/em>\u00a0<\/strong>(kartal),\u00a0<em><strong>Bruco<\/strong><\/em> (t\u0131rt\u0131l), <em><strong>Chiocciola<\/strong> <\/em>(salyangoz),\u00a0<em><strong>Civetta<\/strong> <\/em>(bayku\u015f),\u00a0<em><strong>Drago <\/strong><\/em>(ejderha),\u00a0<strong><em>Giraffa<\/em> <\/strong>(z\u00fcrafa),\u00a0<strong><em>Istrice<\/em><\/strong> (kirpi), <em><strong>Leocorno<\/strong><\/em>\u00a0(tekboynuz), <em><strong>\u00a0Lupa<\/strong><\/em> (di\u015fi kurt), <strong><em>Nicchio\u00a0<\/em><\/strong>(deniz kabu\u011fu), <strong><em>Oca<\/em><\/strong> (kaz), <strong><em>Onda<\/em><\/strong> (dalga), <em><strong>Pantera\u00a0<\/strong><\/em>(panter), <strong><em>Selva<\/em><\/strong> (orman), <strong><em>Tartaruga<\/em><\/strong> (kaplumba\u011fa),<strong><em> Torre <\/em><\/strong>(kule), <strong><em>Valdimontone<\/em> <\/strong>veya k\u0131sa ad\u0131yla<strong> <\/strong><em><strong>Montone<\/strong> <\/em>(ko\u00e7).<\/p>\n\n\n\n<div class=\"wp-block-image\"><figure class=\"alignleft size-medium is-resized\"><img decoding=\"async\" loading=\"lazy\" src=\"http:\/\/www.italianoconulgen.com\/wp-content\/uploads\/2020\/08\/depositphotos_114896806-stock-illustration-siena-italy-july-2016-palio-300x300.jpg\" alt=\"\" class=\"wp-image-7212\" width=\"86\" height=\"86\" srcset=\"http:\/\/www.italianoconulgen.com\/wp-content\/uploads\/2020\/08\/depositphotos_114896806-stock-illustration-siena-italy-july-2016-palio-300x300.jpg 300w, http:\/\/www.italianoconulgen.com\/wp-content\/uploads\/2020\/08\/depositphotos_114896806-stock-illustration-siena-italy-july-2016-palio-150x150.jpg 150w, http:\/\/www.italianoconulgen.com\/wp-content\/uploads\/2020\/08\/depositphotos_114896806-stock-illustration-siena-italy-july-2016-palio-768x768.jpg 768w, http:\/\/www.italianoconulgen.com\/wp-content\/uploads\/2020\/08\/depositphotos_114896806-stock-illustration-siena-italy-july-2016-palio.jpg 1024w\" sizes=\"(max-width: 86px) 100vw, 86px\" \/><\/figure><\/div>\n\n\n\n<p>Herkes semtini se\u00e7sin, benimki en son ge\u00e7en y\u0131l 2 Temmuz&#8217;da kazanan <strong><em>Contrada della giraffa!<\/em><\/strong><\/p>\n\n\n\n<p>1995 y\u0131l\u0131nda UNESCO taraf\u0131ndan D\u00fcnya K\u00fclt\u00fcr Miras\u0131 Listesine&nbsp;al\u0131nan \u015fehrin <strong><em>magnifico<\/em><\/strong> (muhte\u015fem) Piazza del Campo meydan\u0131nda 1644 y\u0131l\u0131ndan beri yap\u0131lan bu yar\u0131\u015flar\u0131n Antik Roma d\u00f6neminde d\u00fczenlenen yar\u0131\u015flarla ilgisi yoktur. Bir ilgi kurmaya \u00e7al\u0131\u015f\u0131rsak, bu meydanda Orta \u00c7a\u011f&#8217;da yap\u0131lan \u00f6l\u00fcm d\u00f6v\u00fc\u015flerini ve \u00e7oklu boks ma\u00e7lar\u0131n\u0131 d\u00fc\u015f\u00fcnebiliriz. 16. y\u00fczy\u0131lda yap\u0131lan bo\u011fa g\u00fcre\u015fleri 1590 y\u0131l\u0131nda yasaklan\u0131nca \u00f6nce<strong><em> bufalate<\/em><\/strong> ad\u0131 verilen bufalo yar\u0131\u015flar\u0131 ve ard\u0131ndan da <strong><em>asinate<\/em><\/strong> e\u015fek yar\u0131\u015flar\u0131 yap\u0131ld\u0131. Daha sonra da at yar\u0131\u015flar\u0131na ge\u00e7ildi ve Palio g\u00fcn\u00fcm\u00fcze kadar pop\u00fclerli\u011fini korudu. \u0130lk zamanlar tek g\u00fcnde yap\u0131lan yar\u0131\u015flara sonradan bir g\u00fcn daha eklendi.<\/p>\n\n\n\n<div class=\"wp-block-image\"><figure class=\"aligncenter size-large is-resized\"><img decoding=\"async\" loading=\"lazy\" src=\"http:\/\/www.italianoconulgen.com\/wp-content\/uploads\/2020\/08\/palio-25x50-13.jpg\" alt=\"\" class=\"wp-image-7197\" width=\"559\" height=\"390\" srcset=\"http:\/\/www.italianoconulgen.com\/wp-content\/uploads\/2020\/08\/palio-25x50-13.jpg 900w, http:\/\/www.italianoconulgen.com\/wp-content\/uploads\/2020\/08\/palio-25x50-13-300x210.jpg 300w\" sizes=\"(max-width: 559px) 100vw, 559px\" \/><\/figure><\/div>\n\n\n\n<p><strong><em>Quindi <\/em><\/strong>(b\u00f6ylece), her y\u0131l 2 Temmuz ve 16 A\u011fustos tarihlerinde binlerce turist a\u011f\u0131rlayan Arnavut kald\u0131r\u0131ml\u0131 Siena sokaklar\u0131nda, 17 semtin bayraklar\u0131n\u0131n renklendirdi\u011fi co\u015fkulu bir karnaval havas\u0131 ya\u015fan\u0131r.<\/p>\n\n\n\n<p>Semtlerin genel prova i\u00e7in Piazza del Campo&#8217;ya giri\u015fi:<\/p>\n\n\n\n<figure class=\"wp-block-embed-youtube wp-block-embed is-type-video is-provider-youtube wp-embed-aspect-16-9 wp-has-aspect-ratio\"><div class=\"wp-block-embed__wrapper\">\n<iframe loading=\"lazy\" title=\"Ingresso delle Contrade in Piazza del Campo per la Prova Generale\" width=\"660\" height=\"371\" src=\"https:\/\/www.youtube.com\/embed\/M3WBpLvc4RA?feature=oembed\" frameborder=\"0\" allow=\"accelerometer; autoplay; encrypted-media; gyroscope; picture-in-picture\" allowfullscreen><\/iframe>\n<\/div><\/figure>\n\n\n\n<p>Ge\u00e7en y\u0131l 16 A\u011fustos&#8217;ta yap\u0131lan Palio izlemeye de\u011fer \u00e7\u00fcnk\u00fc<em> Selva <\/em>(orman) semtini temsil eden dokuz ya\u015f\u0131ndaki at Remorex yar\u0131\u015f\u0131 tek ba\u015f\u0131na kazand\u0131. Yar\u0131\u015f\u0131n ortalar\u0131nda bir d\u00f6neme\u00e7te jokey Titia (alt\u0131 Palio \u015fampiyonu Giovanni Atzeni) d\u00fc\u015ft\u00fc ve Remorex azimle ko\u015fmaya devam ederek son saniyelerde d\u00f6rd\u00fcnc\u00fc s\u0131radan, en \u00f6nde Brio&#8217;nun (Andrea Mari) ko\u015ftu\u011fu Schietta ile ayn\u0131 hizaya geldi. <\/p>\n\n\n\n<p>\u0130ki at, yar\u0131\u015f\u0131 o kadar yak\u0131n tamamlad\u0131 ki Brio ve Schietta&#8217;n\u0131n temsil etti\u011fi Bruco (t\u0131rt\u0131l) semtinin taraftarlar\u0131 meydana f\u0131rlay\u0131p zaferlerini kutlamaya ba\u015flad\u0131, ancak hakem Selva bayra\u011f\u0131n\u0131 kald\u0131rarak yar\u0131\u015f\u0131 Remorex&#8217;in kazand\u0131\u011f\u0131n\u0131 ilan etti.<\/p>\n\n\n\n<p>Remorex, Birinci D\u00fcnya Sava\u015f\u0131n\u0131n sonlanmas\u0131n\u0131n 100. y\u0131ld\u00f6n\u00fcm\u00fc an\u0131s\u0131na 2018 y\u0131l\u0131n\u0131n Ekim ay\u0131nda d\u00fczenlenen \u00f6zel Palio yar\u0131\u015flar\u0131nda da tek ba\u015f\u0131na (jokeysiz anlam\u0131nda <strong><em>scosso<\/em><\/strong> terimi kullan\u0131l\u0131yor) birinci olmu\u015ftu.<\/p>\n\n\n\n<p>Videonun sonunda, kad\u0131n spikerin a\u011fz\u0131ndan <strong><em>incredibile <\/em>(<\/strong>inan\u0131lmaz) d\u0131\u015f\u0131nda bir s\u00f6zc\u00fck \u00e7\u0131km\u0131yor. Ger\u00e7ekten de <em>incredibile!<\/em><\/p>\n\n\n\n<figure class=\"wp-block-embed-youtube wp-block-embed is-type-video is-provider-youtube wp-embed-aspect-16-9 wp-has-aspect-ratio\"><div class=\"wp-block-embed__wrapper\">\n<iframe loading=\"lazy\" title=\"Palio di Siena 16-08-2019\" width=\"660\" height=\"371\" src=\"https:\/\/www.youtube.com\/embed\/RqvjOkO1Y1Y?feature=oembed\" frameborder=\"0\" allow=\"accelerometer; autoplay; encrypted-media; gyroscope; picture-in-picture\" allowfullscreen><\/iframe>\n<\/div><figcaption><em>Palio, 16 A\u011fustos 2019<\/em><\/figcaption><\/figure>\n\n\n\n<p>Bu y\u0131l maalesef yar\u0131\u015flar yap\u0131lamad\u0131\u011f\u0131 i\u00e7in Palio di Siena Konseyi ve Palio Dostlar\u0131 Komitesi i\u015fbirli\u011fi ile bu y\u0131l<em> verilen k\u0131sa molan\u0131n<\/em> an\u0131s\u0131na<strong> <em>La sospensione di un attimo <\/em><\/strong>ad\u0131 verilen bir film haz\u0131rland\u0131. 2020 y\u0131l\u0131n\u0131 Palio Mar\u015f\u0131n\u0131 dinlemeden ve Palio co\u015fkusunu ya\u015famadan ge\u00e7irmemek i\u00e7in yap\u0131lan ve 2 Temmuz&#8217;da televizyon kanallar\u0131nda, web televizyonunda ve sosyal medyada yay\u0131nlanan bu filmin m\u00fczi\u011fi Francesco Oliveto&#8217;nun.<\/p>\n\n\n\n<p>Biz de tam o g\u00fcn televizyon kanallar\u0131na, web televizyonuna ve sosyal medyaya kilitlenmi\u015f,&nbsp;Ayasofya\u2019y\u0131 m\u00fczeye d\u00f6n\u00fc\u015ft\u00fcren karar\u0131n iptali i\u00e7in a\u00e7\u0131lan davan\u0131n sonucunu bekliyor, Ayasofya ibadete a\u00e7\u0131ls\u0131n diye dua ediyorduk.<\/p>\n\n\n\n<p>Ge\u00e7mi\u015f y\u0131llardan Osmanl\u0131 Bankas\u0131n\u0131n me\u015fhur reklam repli\u011fi geliverdi akl\u0131ma nedense \u015fu an, onu uyarl\u0131yorum durumu \u00f6zetlemek i\u00e7in: Yok asl\u0131nda birbirimizden fark\u0131m\u0131z ama biz Osmanl\u0131 torunlar\u0131y\u0131z! <\/p>\n\n\n\n<p>Palio&#8217;nun tarih\u00e7esine, birbirinden g\u00fczel karelere, harika Siena \u015fehrine ve semtlerin temsilcileri ile yap\u0131lan g\u00f6r\u00fc\u015fmelere<strong><em> dare un&#8217;occhiata <\/em><\/strong>(g\u00f6z atmak) isterseniz:<\/p>\n\n\n\n<p><\/p>\n\n\n\n<figure class=\"wp-block-embed-youtube wp-block-embed is-type-video is-provider-youtube wp-embed-aspect-16-9 wp-has-aspect-ratio\"><div class=\"wp-block-embed__wrapper\">\n<iframe loading=\"lazy\" title=\"La sospensione di un attimo\" width=\"660\" height=\"371\" src=\"https:\/\/www.youtube.com\/embed\/2Oq95R0Tfbo?feature=oembed\" frameborder=\"0\" allow=\"accelerometer; autoplay; encrypted-media; gyroscope; picture-in-picture\" allowfullscreen><\/iframe>\n<\/div><figcaption><em>Bir anl\u0131k k\u0131sa bir mola<\/em><\/figcaption><\/figure>\n\n\n\n<p class=\"has-text-align-left\"><strong><em>Dai<\/em><\/strong> (haydi) semtinizi se\u00e7in, bu pazar kendi aram\u0131zda yar\u0131\u015fal\u0131m bari!<\/p>\n\n\n\n<div class=\"wp-block-image\"><figure class=\"aligncenter size-large is-resized\"><img decoding=\"async\" loading=\"lazy\" src=\"http:\/\/www.italianoconulgen.com\/wp-content\/uploads\/2020\/08\/depositphotos_4273427-stock-illustration-horse-racing.jpg\" alt=\"\" class=\"wp-image-7191\" width=\"118\" height=\"75\" srcset=\"http:\/\/www.italianoconulgen.com\/wp-content\/uploads\/2020\/08\/depositphotos_4273427-stock-illustration-horse-racing.jpg 600w, http:\/\/www.italianoconulgen.com\/wp-content\/uploads\/2020\/08\/depositphotos_4273427-stock-illustration-horse-racing-300x191.jpg 300w\" sizes=\"(max-width: 118px) 100vw, 118px\" \/><\/figure><\/div>\n\n\n\n<p><strong>Not:<em> <\/em><\/strong>Z\u00fcrafa benim, itiraz\u0131 olan yoktur san\u0131r\u0131m. Salyangoz i\u00e7in kap\u0131\u015facak iki ki\u015fi var benim bildi\u011fim. Remorex&#8217;i izledikten sonra Orman da reva\u00e7ta olacak kesin, haydi se\u00e7in hodri <strong><em>piazza!<\/em><\/strong><\/p>\n\n\n\n<p><strong>Not 2:<\/strong> \u0130talyanca&#8217;da @ i\u015fareti i\u00e7in<em> at <\/em>s\u00f6zc\u00fc\u011f\u00fc pek kullan\u0131lm\u0131yor, o zaman ayn\u0131 anlamda <strong><em>al, alla <\/em><\/strong>falan deniyordur diyeceksiniz ama hay\u0131r, kulland\u0131klar\u0131 s\u00f6zc\u00fck <em><strong>chiocciola<\/strong><\/em> (salyangoz), ne tatl\u0131 de\u011fil mi?<\/p>\n","protected":false},"excerpt":{"rendered":"<p>\u0130talyan otomobil \u00fcreticisi Fiat&#8217;\u0131n Siena ve Palio modelleri, ilham\u0131n\u0131 Toskana b\u00f6lgesindeki Siena \u015fehrinden ve burada her y\u0131l 2 Temmuz ve 16 A\u011fustos tarihlerinde yap\u0131lan Palio di Siena at yar\u0131\u015flar\u0131ndan alm\u0131\u015ft\u0131r. Palio yar\u0131\u015flar\u0131na kat\u0131lan her at ve binicisi \u015fehrin 17 semtinden birini temsil eder. Contrada ad\u0131 verilen bu distretti (semtler) \u00e7o\u011funlukla hayvan adlar\u0131 ta\u015f\u0131maktad\u0131r: Aquila\u00a0(kartal),\u00a0Bruco (t\u0131rt\u0131l), &hellip; <a href=\"http:\/\/www.italianoconulgen.com\/index.php\/2020\/08\/14\/palio-di-siena\/\" class=\"more-link\">Okumaya devam et <span class=\"screen-reader-text\">Palio di Siena<\/span><\/a><\/p>\n","protected":false},"author":2,"featured_media":0,"comment_status":"open","ping_status":"open","sticky":false,"template":"","format":"standard","meta":[],"categories":[9,7,5],"tags":[],"_links":{"self":[{"href":"http:\/\/www.italianoconulgen.com\/index.php\/wp-json\/wp\/v2\/posts\/7110"}],"collection":[{"href":"http:\/\/www.italianoconulgen.com\/index.php\/wp-json\/wp\/v2\/posts"}],"about":[{"href":"http:\/\/www.italianoconulgen.com\/index.php\/wp-json\/wp\/v2\/types\/post"}],"author":[{"embeddable":true,"href":"http:\/\/www.italianoconulgen.com\/index.php\/wp-json\/wp\/v2\/users\/2"}],"replies":[{"embeddable":true,"href":"http:\/\/www.italianoconulgen.com\/index.php\/wp-json\/wp\/v2\/comments?post=7110"}],"version-history":[{"count":50,"href":"http:\/\/www.italianoconulgen.com\/index.php\/wp-json\/wp\/v2\/posts\/7110\/revisions"}],"predecessor-version":[{"id":10481,"href":"http:\/\/www.italianoconulgen.com\/index.php\/wp-json\/wp\/v2\/posts\/7110\/revisions\/10481"}],"wp:attachment":[{"href":"http:\/\/www.italianoconulgen.com\/index.php\/wp-json\/wp\/v2\/media?parent=7110"}],"wp:term":[{"taxonomy":"category","embeddable":true,"href":"http:\/\/www.italianoconulgen.com\/index.php\/wp-json\/wp\/v2\/categories?post=7110"},{"taxonomy":"post_tag","embeddable":true,"href":"http:\/\/www.italianoconulgen.com\/index.php\/wp-json\/wp\/v2\/tags?post=7110"}],"curies":[{"name":"wp","href":"https:\/\/api.w.org\/{rel}","templated":true}]}}