{"id":7128,"date":"2020-08-13T06:13:40","date_gmt":"2020-08-13T06:13:40","guid":{"rendered":"http:\/\/www.italianoconulgen.com\/?p=7128"},"modified":"2021-05-07T15:15:51","modified_gmt":"2021-05-07T15:15:51","slug":"un-bravissimo-regista-attore-e-produttore-cinematografico-indiano","status":"publish","type":"post","link":"http:\/\/www.italianoconulgen.com\/index.php\/2020\/08\/13\/un-bravissimo-regista-attore-e-produttore-cinematografico-indiano\/","title":{"rendered":"Un bravissimo regista, attore e produttore cinematografico indiano"},"content":{"rendered":"\n<div class=\"wp-block-image\"><figure class=\"alignright size-large is-resized\"><img decoding=\"async\" loading=\"lazy\" src=\"http:\/\/www.italianoconulgen.com\/wp-content\/uploads\/2020\/08\/indir-2.jpg\" alt=\"\" class=\"wp-image-7130\" width=\"73\" height=\"98\"\/><\/figure><\/div>\n\n\n\n<p>Assos ka\u00e7amaklar\u0131m\u0131 yazarken, koca walkman&#8217;imle uzayl\u0131ya benzer g\u00f6r\u00fcnt\u00fcm\u00fcn yapt\u0131rd\u0131\u011f\u0131 \u00e7a\u011fr\u0131\u015f\u0131mla, ba\u015far\u0131l\u0131 Hint y\u00f6netmen, oyuncu ve sinema yap\u0131mc\u0131 Aamir Khan&#8217;\u0131n ne\u015feli duygusal, pek tatl\u0131 fimi Peekay&#8217;i (pk) \u00f6nermek istemi\u015ftim izlemeyenlere. Hatta bu foto\u011fraf\u0131 da se\u00e7ip atm\u0131\u015f\u0131m <em><strong>sul desktop<\/strong><\/em> (masa\u00fcst\u00fcne).<\/p>\n\n\n\n<div class=\"wp-block-image\"><figure class=\"alignleft size-large is-resized\"><img decoding=\"async\" loading=\"lazy\" src=\"http:\/\/www.italianoconulgen.com\/wp-content\/uploads\/2020\/08\/Aamir-Khan-Turkiye.jpg\" alt=\"\" class=\"wp-image-7132\" width=\"84\" height=\"92\" srcset=\"http:\/\/www.italianoconulgen.com\/wp-content\/uploads\/2020\/08\/Aamir-Khan-Turkiye.jpg 284w, http:\/\/www.italianoconulgen.com\/wp-content\/uploads\/2020\/08\/Aamir-Khan-Turkiye-272x300.jpg 272w\" sizes=\"(max-width: 84px) 100vw, 84px\" \/><\/figure><\/div>\n\n\n\n<p>Ben anlams\u0131z bir \u015fartlanma ile \u0130talya veya \u0130talyanca ba\u011flant\u0131s\u0131 kurma, bu y\u00f6nde bir ara\u015ft\u0131rma yapmak \u00fczere bu <em><strong>condivision<\/strong><\/em><strong><em>e <\/em><\/strong>(payla\u015f\u0131m) fikrini ertelerken, Aamir Khan yeni filminin \u00e7ekimlerinin bir k\u0131sm\u0131n\u0131 Ni\u011fde ve Adana&#8217;da yapmak \u00fczere T\u00fcrkiye&#8217;ye geldi.<\/p>\n\n\n\n<p>Daha fazla beklemenin anlam\u0131 yok,<strong><em> \u00e8 il momento giusto<\/em><\/strong> (tam vakti), hemen payla\u015f\u0131yorum. \u0130talya ile ba\u011flant\u0131y\u0131 da 2017 yaz\u0131nda ailesiyle yapt\u0131\u011f\u0131 bir \u0130talya seyahatinden kareler bularak kurdum<em><strong> in questo momento <\/strong><\/em>(\u015fu anda):<\/p>\n\n\n\n<figure class=\"wp-block-embed-youtube wp-block-embed is-type-video is-provider-youtube wp-embed-aspect-16-9 wp-has-aspect-ratio\"><div class=\"wp-block-embed__wrapper\">\n<iframe loading=\"lazy\" title=\"In Graphics: SEE PICS: Aamir Khan shows his &#039;Thug&#039; look in Italy with family\" width=\"660\" height=\"371\" src=\"https:\/\/www.youtube.com\/embed\/O-NK6ooDmF4?feature=oembed\" frameborder=\"0\" allow=\"accelerometer; autoplay; encrypted-media; gyroscope; picture-in-picture\" allowfullscreen><\/iframe>\n<\/div><\/figure>\n\n\n\n<div class=\"wp-block-image\"><figure class=\"alignleft size-large is-resized\"><img decoding=\"async\" loading=\"lazy\" src=\"http:\/\/www.italianoconulgen.com\/wp-content\/uploads\/2020\/08\/indir-4-1.jpg\" alt=\"\" class=\"wp-image-7136\" width=\"62\" height=\"74\"\/><\/figure><\/div>\n\n\n\n<p class=\"has-text-align-center\"><em>&#8220;Yarat\u0131c\u0131 insanlar\u0131n s\u0131n\u0131rlar\u0131 yoktur. Sonu\u00e7ta insanlarla ba\u011f kurmak \u00f6nemlidir. Tek bir gezegenimiz var, onu farkl\u0131 \u00fclkeler olarak g\u00f6rm\u00fcyorum&#8221;<\/em><\/p>\n\n\n\n<p class=\"has-text-align-right\"><em>Aamir Khan<\/em><\/p>\n\n\n\n<p><\/p>\n\n\n\n<p>\u015eu sahneyi ben de yeni g\u00f6rd\u00fcm, bu arada Adana&#8217;ya gelmi\u015f bile!<\/p>\n\n\n\n<figure class=\"wp-block-embed-youtube wp-block-embed is-type-video is-provider-youtube wp-embed-aspect-16-9 wp-has-aspect-ratio\"><div class=\"wp-block-embed__wrapper\">\n<iframe loading=\"lazy\" title=\"Aamir Khan, Adana&#039;da kebaba doyamad\u0131\" width=\"660\" height=\"371\" src=\"https:\/\/www.youtube.com\/embed\/MHKo5BbxUPY?feature=oembed\" frameborder=\"0\" allow=\"accelerometer; autoplay; encrypted-media; gyroscope; picture-in-picture\" allowfullscreen><\/iframe>\n<\/div><\/figure>\n","protected":false},"excerpt":{"rendered":"<p>Assos ka\u00e7amaklar\u0131m\u0131 yazarken, koca walkman&#8217;imle uzayl\u0131ya benzer g\u00f6r\u00fcnt\u00fcm\u00fcn yapt\u0131rd\u0131\u011f\u0131 \u00e7a\u011fr\u0131\u015f\u0131mla, ba\u015far\u0131l\u0131 Hint y\u00f6netmen, oyuncu ve sinema yap\u0131mc\u0131 Aamir Khan&#8217;\u0131n ne\u015feli duygusal, pek tatl\u0131 fimi Peekay&#8217;i (pk) \u00f6nermek istemi\u015ftim izlemeyenlere. Hatta bu foto\u011fraf\u0131 da se\u00e7ip atm\u0131\u015f\u0131m sul desktop (masa\u00fcst\u00fcne). Ben anlams\u0131z bir \u015fartlanma ile \u0130talya veya \u0130talyanca ba\u011flant\u0131s\u0131 kurma, bu y\u00f6nde bir ara\u015ft\u0131rma yapmak \u00fczere bu &hellip; <a href=\"http:\/\/www.italianoconulgen.com\/index.php\/2020\/08\/13\/un-bravissimo-regista-attore-e-produttore-cinematografico-indiano\/\" class=\"more-link\">Okumaya devam et <span class=\"screen-reader-text\">Un bravissimo regista, attore e produttore cinematografico indiano<\/span><\/a><\/p>\n","protected":false},"author":2,"featured_media":0,"comment_status":"open","ping_status":"open","sticky":false,"template":"","format":"standard","meta":[],"categories":[9,7,5],"tags":[],"_links":{"self":[{"href":"http:\/\/www.italianoconulgen.com\/index.php\/wp-json\/wp\/v2\/posts\/7128"}],"collection":[{"href":"http:\/\/www.italianoconulgen.com\/index.php\/wp-json\/wp\/v2\/posts"}],"about":[{"href":"http:\/\/www.italianoconulgen.com\/index.php\/wp-json\/wp\/v2\/types\/post"}],"author":[{"embeddable":true,"href":"http:\/\/www.italianoconulgen.com\/index.php\/wp-json\/wp\/v2\/users\/2"}],"replies":[{"embeddable":true,"href":"http:\/\/www.italianoconulgen.com\/index.php\/wp-json\/wp\/v2\/comments?post=7128"}],"version-history":[{"count":13,"href":"http:\/\/www.italianoconulgen.com\/index.php\/wp-json\/wp\/v2\/posts\/7128\/revisions"}],"predecessor-version":[{"id":10490,"href":"http:\/\/www.italianoconulgen.com\/index.php\/wp-json\/wp\/v2\/posts\/7128\/revisions\/10490"}],"wp:attachment":[{"href":"http:\/\/www.italianoconulgen.com\/index.php\/wp-json\/wp\/v2\/media?parent=7128"}],"wp:term":[{"taxonomy":"category","embeddable":true,"href":"http:\/\/www.italianoconulgen.com\/index.php\/wp-json\/wp\/v2\/categories?post=7128"},{"taxonomy":"post_tag","embeddable":true,"href":"http:\/\/www.italianoconulgen.com\/index.php\/wp-json\/wp\/v2\/tags?post=7128"}],"curies":[{"name":"wp","href":"https:\/\/api.w.org\/{rel}","templated":true}]}}