{"id":7286,"date":"2020-08-15T06:59:57","date_gmt":"2020-08-15T06:59:57","guid":{"rendered":"http:\/\/www.italianoconulgen.com\/?p=7286"},"modified":"2020-08-16T05:20:46","modified_gmt":"2020-08-16T05:20:46","slug":"buon-ferragosto","status":"publish","type":"post","link":"http:\/\/www.italianoconulgen.com\/index.php\/2020\/08\/15\/buon-ferragosto\/","title":{"rendered":"Buon Ferragosto"},"content":{"rendered":"\n<p>Sa\u011f olsunlar, benim \u0130talyan arkada\u015flar\u0131m ne Noelimi atlar ne Paskalyam\u0131. Bug\u00fcn de g\u00f6z\u00fcm\u00fc <strong><em>Buon Ferragosto<\/em><\/strong> dilekleriyle a\u00e7t\u0131m. <\/p>\n\n\n\n<p>Ferragosto, t\u00fcm \u0130talya&#8217;da 15 A\u011fustos&#8217;ta kutlanan bir bayramd\u0131r. Bu bayram\u0131n ad\u0131, Latince Augustus Festivali anlam\u0131na gelen<em> Feriae Augusti&#8217;<\/em>den gelmektedir. Uzun ve yorucu bir d\u00f6nemin ard\u0131ndan tar\u0131m \u00e7al\u0131\u015fanlar\u0131na 1 A\u011fustos&#8217;u dinlenme g\u00fcn\u00fc olarak veren \u0130mparator Augustus d\u00f6neminde ba\u015flayan bu kutlama zamanla bir gelene\u011fe d\u00f6n\u00fc\u015f\u00fcp i\u015f\u00e7ilerin patronlar\u0131na <strong><em>Buon Ferragosto <\/em><\/strong>dile\u011finde bulunup ikramiye ald\u0131\u011f\u0131 bir g\u00fcn olmu\u015ftur.<\/p>\n\n\n\n<p>R\u00f6nesans d\u00f6neminde kanunla\u015f\u0131p bayram ilan edilen ve politik sebeplerle ba\u015flam\u0131\u015f olan bu g\u00fcn, daha sonra Katolik Kilisesi taraf\u0131ndan Meryemin g\u00f6\u011fe y\u00fckseli\u015fini de birlikte kutlamak i\u00e7in 15 A\u011fustos&#8217;a al\u0131nm\u0131\u015ft\u0131r.<\/p>\n\n\n\n<p>Bize bu ay\u0131n ad\u0131n\u0131 veren Augustus&#8217;a anmak i\u00e7in biz de kutlayal\u0131m madem!<\/p>\n\n\n\n<div class=\"wp-block-image\"><figure class=\"aligncenter size-large is-resized\"><img decoding=\"async\" loading=\"lazy\" src=\"http:\/\/www.italianoconulgen.com\/wp-content\/uploads\/2020\/08\/buon-ferragosto-176191.660x368.jpg\" alt=\"\" class=\"wp-image-7287\" width=\"300\" height=\"167\" srcset=\"http:\/\/www.italianoconulgen.com\/wp-content\/uploads\/2020\/08\/buon-ferragosto-176191.660x368.jpg 660w, http:\/\/www.italianoconulgen.com\/wp-content\/uploads\/2020\/08\/buon-ferragosto-176191.660x368-300x167.jpg 300w\" sizes=\"(max-width: 300px) 100vw, 300px\" \/><\/figure><\/div>\n\n\n\n<p><\/p>\n","protected":false},"excerpt":{"rendered":"<p>Sa\u011f olsunlar, benim \u0130talyan arkada\u015flar\u0131m ne Noelimi atlar ne Paskalyam\u0131. Bug\u00fcn de g\u00f6z\u00fcm\u00fc Buon Ferragosto dilekleriyle a\u00e7t\u0131m. Ferragosto, t\u00fcm \u0130talya&#8217;da 15 A\u011fustos&#8217;ta kutlanan bir bayramd\u0131r. Bu bayram\u0131n ad\u0131, Latince Augustus Festivali anlam\u0131na gelen Feriae Augusti&#8217;den gelmektedir. Uzun ve yorucu bir d\u00f6nemin ard\u0131ndan tar\u0131m \u00e7al\u0131\u015fanlar\u0131na 1 A\u011fustos&#8217;u dinlenme g\u00fcn\u00fc olarak veren \u0130mparator Augustus d\u00f6neminde ba\u015flayan bu &hellip; <a href=\"http:\/\/www.italianoconulgen.com\/index.php\/2020\/08\/15\/buon-ferragosto\/\" class=\"more-link\">Okumaya devam et <span class=\"screen-reader-text\">Buon Ferragosto<\/span><\/a><\/p>\n","protected":false},"author":2,"featured_media":0,"comment_status":"open","ping_status":"open","sticky":false,"template":"","format":"standard","meta":[],"categories":[9,5],"tags":[],"_links":{"self":[{"href":"http:\/\/www.italianoconulgen.com\/index.php\/wp-json\/wp\/v2\/posts\/7286"}],"collection":[{"href":"http:\/\/www.italianoconulgen.com\/index.php\/wp-json\/wp\/v2\/posts"}],"about":[{"href":"http:\/\/www.italianoconulgen.com\/index.php\/wp-json\/wp\/v2\/types\/post"}],"author":[{"embeddable":true,"href":"http:\/\/www.italianoconulgen.com\/index.php\/wp-json\/wp\/v2\/users\/2"}],"replies":[{"embeddable":true,"href":"http:\/\/www.italianoconulgen.com\/index.php\/wp-json\/wp\/v2\/comments?post=7286"}],"version-history":[{"count":9,"href":"http:\/\/www.italianoconulgen.com\/index.php\/wp-json\/wp\/v2\/posts\/7286\/revisions"}],"predecessor-version":[{"id":7322,"href":"http:\/\/www.italianoconulgen.com\/index.php\/wp-json\/wp\/v2\/posts\/7286\/revisions\/7322"}],"wp:attachment":[{"href":"http:\/\/www.italianoconulgen.com\/index.php\/wp-json\/wp\/v2\/media?parent=7286"}],"wp:term":[{"taxonomy":"category","embeddable":true,"href":"http:\/\/www.italianoconulgen.com\/index.php\/wp-json\/wp\/v2\/categories?post=7286"},{"taxonomy":"post_tag","embeddable":true,"href":"http:\/\/www.italianoconulgen.com\/index.php\/wp-json\/wp\/v2\/tags?post=7286"}],"curies":[{"name":"wp","href":"https:\/\/api.w.org\/{rel}","templated":true}]}}