{"id":7599,"date":"2020-08-27T05:17:59","date_gmt":"2020-08-27T05:17:59","guid":{"rendered":"http:\/\/www.italianoconulgen.com\/?p=7599"},"modified":"2020-08-27T05:40:59","modified_gmt":"2020-08-27T05:40:59","slug":"imperfetto-indicativo","status":"publish","type":"post","link":"http:\/\/www.italianoconulgen.com\/index.php\/2020\/08\/27\/imperfetto-indicativo\/","title":{"rendered":"Imperfetto Indicativo"},"content":{"rendered":"\n<p>T\u00fcrk\u00e7e\u2019de ge\u00e7mi\u015f zaman\u0131n hik\u00e2yesi olarak adland\u0131r\u0131lan bu zaman ile ge\u00e7mi\u015fte belli bir zamandaki durum ve devam eden eylemler anlat\u0131l\u0131r (evdeydim, mutluyduk, gidiyordu, s\u00f6yl\u00fcyordu).<\/p>\n\n\n\n<p>Bu zaman ayr\u0131ca ge\u00e7mi\u015fteki tekrar eden eylemleri anlatmak i\u00e7in kullan\u0131l\u0131r: <strong><em>giocavo, andavamo, diceva, facevano <\/em><\/strong>(oynard\u0131m, giderdik, s\u00f6ylerdi, yaparlard\u0131). Fiilleri <em>Imperfetto Indicativo <\/em>zamanda \u00e7ekmek i\u00e7in mastar halinin sonundaki<strong><em> \u2013re <\/em><\/strong>at\u0131larak \u015fu ekler getirilir: <strong><em>-vo, -vi, -va, -vamo, -vate, -vano.<\/em><\/strong>  <\/p>\n\n\n\n<div class=\"wp-block-image\"><figure class=\"alignright size-large is-resized\"><img decoding=\"async\" loading=\"lazy\" src=\"http:\/\/www.italianoconulgen.com\/wp-content\/uploads\/2020\/08\/indir-1.png\" alt=\"\" class=\"wp-image-7605\" width=\"176\" height=\"109\"\/><\/figure><\/div>\n\n\n\n<p>Ben k\u0131saca b\u00f6yle anlatt\u0131m ama asl\u0131nda tabii ki tablodaki gibi <strong><em>-are, -ere <\/em><\/strong>ve<strong><em> -ire <\/em><\/strong>mastar eklerini att\u0131ktan sonra \u015fu tablodaki ekler geliyor.<\/p>\n\n\n\n<p class=\"has-text-align-left\"><strong><em>-are, -ere, -ire<\/em><\/strong> ile biten \u00fc\u00e7 fiil grubu i\u00e7in <strong><em>parlare, prendere <\/em><\/strong>ve <strong><em>dormire <\/em><\/strong>fiillerine bakal\u0131m:<\/p>\n\n\n\n<div class=\"wp-block-image\"><figure class=\"aligncenter size-large\"><img decoding=\"async\" loading=\"lazy\" width=\"487\" height=\"160\" src=\"http:\/\/www.italianoconulgen.com\/wp-content\/uploads\/2020\/08\/e-5-1-1.jpg\" alt=\"\" class=\"wp-image-7606\" srcset=\"http:\/\/www.italianoconulgen.com\/wp-content\/uploads\/2020\/08\/e-5-1-1.jpg 487w, http:\/\/www.italianoconulgen.com\/wp-content\/uploads\/2020\/08\/e-5-1-1-300x99.jpg 300w\" sizes=\"(max-width: 487px) 100vw, 487px\" \/><\/figure><\/div>\n\n\n\n<p><em>Presente Indicativo <\/em>zaman\u0131nda \u00fc\u00e7\u00fcnc\u00fc \u00e7o\u011ful \u015fah\u0131s \u00e7ekiminde oldu\u011fu gibi <em>parlavaano<\/em> diye<em> a<\/em> harfini uzatarak de\u011fil, bu kez ikinci hecede vurgu ile <em>a <\/em>harflerini k\u0131sa okuyarak <em>parlAvano <\/em>diyece\u011fiz.<\/p>\n\n\n\n<p><strong><em>Essere <\/em><\/strong>(olmak) ve <strong><em>avere<\/em><\/strong> (sahip olmak) yard\u0131mc\u0131 fiilleri bu zamanda \u015f\u00f6yle \u00e7ekilir:<\/p>\n\n\n\n<div class=\"wp-block-image\"><figure class=\"aligncenter size-large is-resized\"><img decoding=\"async\" loading=\"lazy\" src=\"http:\/\/www.italianoconulgen.com\/wp-content\/uploads\/2020\/08\/lezione-21-indicativo-imperfetto-italiano-verbi-irregolari-modali-ausiliari-italian-imperfect-4-638.jpg\" alt=\"\" class=\"wp-image-7613\" width=\"338\" height=\"121\"\/><\/figure><\/div>\n\n\n\n<p>Bu zamanda \u00e7ekimi kurals\u0131z olan ve s\u0131k kullanaca\u011f\u0131m\u0131z<em> \u00e7ok az <\/em>say\u0131da fiil var, <strong><em>essere<\/em><\/strong> fiili bunlardan biridir:<\/p>\n\n\n\n<p class=\"has-text-align-center\"><em><strong>essere &#8211; ero, eri, era, eravamo, eravate, erano<br>dire \u2013 dicevo, dicevi, diceva, dicevamo, dicevate, dicevano<br>fare \u2013 facevo, facevi, faceva, facevamo, facevate, facevano<br>bere \u2013 bevevo, bevevi, beveva, bevevamo, bevevate, bevevano<\/strong><\/em><\/p>\n\n\n\n<p class=\"has-text-align-center\"><mark><em>Abbiamo passato una vacanza unica anche se il tempo <strong>era <\/strong>cattivo<\/em>. <\/mark><\/p>\n\n\n\n<p class=\"has-text-align-center\">(Hava k\u00f6t\u00fc olsa da benzersiz bir tatil ge\u00e7irdik)<\/p>\n\n\n\n<p class=\"has-text-align-center\"><mark><em><strong>Sapevo<\/strong> che non <strong>diceva<\/strong> la verit\u00e0.<\/em> <\/mark><\/p>\n\n\n\n<p class=\"has-text-align-center\">(Ger\u00e7e\u011fi s\u00f6ylemedi\u011fini biliyordum)<\/p>\n\n\n\n<p class=\"has-text-align-center\"><mark><em>Da bambina, <strong>giocavo<\/strong> sempre all\u2019aperto.<\/em> <\/mark><\/p>\n\n\n\n<p class=\"has-text-align-center\">(\u00c7ocukken hep a\u00e7\u0131k havada oynard\u0131m)<\/p>\n\n\n\n<p class=\"has-text-align-center\"><mark><em>Stamattina mentre <strong>andavo<\/strong> a scuola, ho visto una cosa strana<\/em>.<\/mark><\/p>\n\n\n\n<p class=\"has-text-align-center\">(Bu sabah okula giderken tuhaf bir \u015fey g\u00f6rd\u00fcm)<\/p>\n\n\n\n<p><em>Bu sabah<\/em> anlam\u0131na gelen<strong><em> stamattina<\/em><\/strong> s\u00f6zc\u00fc\u011f\u00fc <strong><em>questa mattina\u2019<\/em><\/strong>dan geliyor. <strong><em>Stasera<\/em><\/strong> ve<strong><em> stanotte<\/em><\/strong> s\u00f6zc\u00fcklerini de bu k\u0131sa \u015fekilde kullanabiliriz. <strong><em>Stamattina<\/em><\/strong> i\u00e7in <strong><em>stamane <\/em><\/strong>veya <strong><em>stamani <\/em><\/strong>gibi daha da k\u0131sa se\u00e7eneklerimiz var.<\/p>\n\n\n\n<p><br><em><strong>Stare<\/strong><\/em> fiili yine o an yapmakta oldu\u011fumuz bir \u015feyi ifade etmemize yard\u0131mc\u0131 oluyor. <em>Imperfetto Indicativo <\/em>bunun i\u00e7in yeterli olsa da bazen daha belirgin anlatmam\u0131z gerekebiliyor. <\/p>\n\n\n\n<p><strong><em>Stare <\/em><\/strong>fiilini <em>Imperfetto Indicativo<\/em> zaman\u0131nda \u00e7ekip yan\u0131na fiilimizi<em> \u2013ando <\/em>(mastar hali <em>\u2013are<\/em> ile biten fiiller) veya <em>\u2013endo<\/em> (mastar hali <em>\u2013ere <\/em>ve <em>\u2013ire <\/em>ile biten fiiller) eki ile<em> gerundio <\/em>olarak ekleyince, <em>ge\u00e7mi\u015fte o anda ne yapmakta oldu\u011fumuzu <\/em>belirtmi\u015f oluruz. <\/p>\n\n\n\n<p class=\"has-text-align-center\"><em><mark>Quando hai chiamato, <strong>stavo studiando<\/strong> per l\u2019esame di fisica.<\/mark><\/em><\/p>\n\n\n\n<p class=\"has-text-align-center\">(Arad\u0131\u011f\u0131nda fizik s\u0131nav\u0131na \u00e7al\u0131\u015f\u0131yordum)<\/p>\n\n\n\n<p class=\"has-text-align-center\"><em><mark>A quell\u2019ora non <strong>stavamo facendo <\/strong>niente. <\/mark><\/em><\/p>\n\n\n\n<p class=\"has-text-align-center\">(O saatte hi\u00e7bir \u015fey yapm\u0131yorduk).<\/p>\n\n\n\n<p class=\"has-text-align-center\"><em><mark>Cosa <strong>stavi dicendo<\/strong>?<\/mark><\/em> <\/p>\n\n\n\n<p class=\"has-text-align-center\">(Ne diyordun)<\/p>\n\n\n\n<p>Bu zamanda d\u00f6n\u00fc\u015fl\u00fc fiiller de ayn\u0131 \u015fekilde \u00e7ekiliyor (<em>mi alzavo, ci vedevamo, dove si trovava, si stava preparando).<\/em><\/p>\n\n\n\n<p><strong><em>Volere, dovere, potere<\/em><\/strong> yard\u0131mc\u0131 fiilleri bu zaman \u00e7ekiminde kurall\u0131d\u0131r:<\/p>\n\n\n\n<p class=\"has-text-align-center\"><em><mark><strong>Volevo <\/strong>sapere il vero motivo. <\/mark><\/em><\/p>\n\n\n\n<p class=\"has-text-align-center\">(Ger\u00e7ek sebebi bilmek\/\u00f6\u011frenmek istiyordum)<\/p>\n\n\n\n<p class=\"has-text-align-center\"><mark><em>Non <strong>poteva<\/strong> uscire di casa<\/em> <\/mark><\/p>\n\n\n\n<p class=\"has-text-align-center\">(Evden \u00e7\u0131kam\u0131yordu)<\/p>\n\n\n\n<p class=\"has-text-align-center\"><em><mark><strong>Dovevamo<\/strong> guidare ancora due ore. <\/mark><\/em><\/p>\n\n\n\n<p class=\"has-text-align-center\">(\u0130ki saat daha araba kullanmak zorundayd\u0131k)<\/p>\n\n\n\n<p><em><strong>Essere<\/strong><\/em> fiilinin \u00e7ekimini \u00f6\u011frendi\u011fimizde <strong><em>c\u2019\u00e8<\/em><\/strong> (var, tekil) ve <strong><em>ci sono <\/em><\/strong>(var, \u00e7o\u011ful) kal\u0131plar\u0131n\u0131 da g\u00f6rm\u00fc\u015ft\u00fck. Bu kal\u0131plar<em> Imperfetto Indicativo <\/em>zaman\u0131nda<em><strong> c\u2019era<\/strong><\/em> (vard\u0131, tekil) ve <strong><em>c\u2019erano<\/em><\/strong> (vard\u0131, \u00e7o\u011ful) olur. Yine non kullanarak <em><strong>non c\u2019era<\/strong><\/em> (yoktu, tekil) ve <strong><em>non c\u2019erano<\/em><\/strong> (yoktu, \u00e7o\u011ful) diyebiliriz.<\/p>\n\n\n\n<p>\u0130talyanca masallar hep <em><strong>c\u2019era una volta <\/strong><\/em>(bir zamanlar, there was a time) diye ba\u015flar.<\/p>\n\n\n\n<p><strong><em><mark>Eccovi un estratto dalla storia di un burattino: <\/mark><\/em><\/strong><\/p>\n\n\n\n<p>(i\u015fte size bir kuklan\u0131n \u00f6yk\u00fcs\u00fcnden bir al\u0131nt\u0131)<\/p>\n\n\n\n<div class=\"wp-block-image\"><figure class=\"alignright size-large is-resized\"><img decoding=\"async\" loading=\"lazy\" src=\"http:\/\/www.italianoconulgen.com\/wp-content\/uploads\/2020\/08\/PINOKYOLAR-MOZAIK-4-720x1024.jpg\" alt=\"\" class=\"wp-image-7608\" width=\"186\" height=\"264\" srcset=\"http:\/\/www.italianoconulgen.com\/wp-content\/uploads\/2020\/08\/PINOKYOLAR-MOZAIK-4-720x1024.jpg 720w, http:\/\/www.italianoconulgen.com\/wp-content\/uploads\/2020\/08\/PINOKYOLAR-MOZAIK-4-211x300.jpg 211w, http:\/\/www.italianoconulgen.com\/wp-content\/uploads\/2020\/08\/PINOKYOLAR-MOZAIK-4-768x1092.jpg 768w, http:\/\/www.italianoconulgen.com\/wp-content\/uploads\/2020\/08\/PINOKYOLAR-MOZAIK-4-1080x1536.jpg 1080w, http:\/\/www.italianoconulgen.com\/wp-content\/uploads\/2020\/08\/PINOKYOLAR-MOZAIK-4-1440x2048.jpg 1440w, http:\/\/www.italianoconulgen.com\/wp-content\/uploads\/2020\/08\/PINOKYOLAR-MOZAIK-4.jpg 1571w\" sizes=\"(max-width: 186px) 100vw, 186px\" \/><\/figure><\/div>\n\n\n\n<p>C&#8217;era una volta un <strong><em>burattino<\/em><\/strong> (kukla) che si chiamava Pinocchio. Pinocchio viveva con il suo pap\u00e0 in una piccola casa. Un giorno Geppetto ha detto a Pinocchio che doveva andare a scuola come tutti gli altri bambini. Pinocchio era molto felice della<strong><em> notizia <\/em><\/strong>(haber) ma mentre andava a scuola il burattino ha incontrato il Gatto e la Volpe. Loro erano molto cattivi ma Pinocchio non lo sapeva. I due gli hanno domandato se lui voleva andare con loro e il povero Pinocchio ha risposto di si. Pinocchio e i suoi nuovi amici stavano tutto il giorno insieme ed era tardi la notte quando Pinocchio \u00e8 tornato a casa. Geppetto era molto <strong><em>preoccupato<\/em><\/strong> (endi\u015feli) e un po\u2019<strong><em> arrabbiato <\/em><\/strong>(k\u0131zg\u0131n) ma alla fine loro si sono abbracciati e si sono addormentati perch\u00e9 avevano molto sonno.<\/p>\n\n\n\n<div class=\"wp-block-image\"><figure class=\"aligncenter size-large is-resized\"><img decoding=\"async\" loading=\"lazy\" src=\"http:\/\/www.italianoconulgen.com\/wp-content\/uploads\/2020\/08\/unnamed.png\" alt=\"\" class=\"wp-image-7615\" width=\"158\" height=\"154\" srcset=\"http:\/\/www.italianoconulgen.com\/wp-content\/uploads\/2020\/08\/unnamed.png 489w, http:\/\/www.italianoconulgen.com\/wp-content\/uploads\/2020\/08\/unnamed-300x292.png 300w\" sizes=\"(max-width: 158px) 100vw, 158px\" \/><\/figure><\/div>\n","protected":false},"excerpt":{"rendered":"<p>T\u00fcrk\u00e7e\u2019de ge\u00e7mi\u015f zaman\u0131n hik\u00e2yesi olarak adland\u0131r\u0131lan bu zaman ile ge\u00e7mi\u015fte belli bir zamandaki durum ve devam eden eylemler anlat\u0131l\u0131r (evdeydim, mutluyduk, gidiyordu, s\u00f6yl\u00fcyordu). Bu zaman ayr\u0131ca ge\u00e7mi\u015fteki tekrar eden eylemleri anlatmak i\u00e7in kullan\u0131l\u0131r: giocavo, andavamo, diceva, facevano (oynard\u0131m, giderdik, s\u00f6ylerdi, yaparlard\u0131). Fiilleri Imperfetto Indicativo zamanda \u00e7ekmek i\u00e7in mastar halinin sonundaki \u2013re at\u0131larak \u015fu ekler getirilir: &hellip; <a href=\"http:\/\/www.italianoconulgen.com\/index.php\/2020\/08\/27\/imperfetto-indicativo\/\" class=\"more-link\">Okumaya devam et <span class=\"screen-reader-text\">Imperfetto Indicativo<\/span><\/a><\/p>\n","protected":false},"author":2,"featured_media":0,"comment_status":"open","ping_status":"open","sticky":false,"template":"","format":"standard","meta":[],"categories":[3,7],"tags":[],"_links":{"self":[{"href":"http:\/\/www.italianoconulgen.com\/index.php\/wp-json\/wp\/v2\/posts\/7599"}],"collection":[{"href":"http:\/\/www.italianoconulgen.com\/index.php\/wp-json\/wp\/v2\/posts"}],"about":[{"href":"http:\/\/www.italianoconulgen.com\/index.php\/wp-json\/wp\/v2\/types\/post"}],"author":[{"embeddable":true,"href":"http:\/\/www.italianoconulgen.com\/index.php\/wp-json\/wp\/v2\/users\/2"}],"replies":[{"embeddable":true,"href":"http:\/\/www.italianoconulgen.com\/index.php\/wp-json\/wp\/v2\/comments?post=7599"}],"version-history":[{"count":20,"href":"http:\/\/www.italianoconulgen.com\/index.php\/wp-json\/wp\/v2\/posts\/7599\/revisions"}],"predecessor-version":[{"id":7734,"href":"http:\/\/www.italianoconulgen.com\/index.php\/wp-json\/wp\/v2\/posts\/7599\/revisions\/7734"}],"wp:attachment":[{"href":"http:\/\/www.italianoconulgen.com\/index.php\/wp-json\/wp\/v2\/media?parent=7599"}],"wp:term":[{"taxonomy":"category","embeddable":true,"href":"http:\/\/www.italianoconulgen.com\/index.php\/wp-json\/wp\/v2\/categories?post=7599"},{"taxonomy":"post_tag","embeddable":true,"href":"http:\/\/www.italianoconulgen.com\/index.php\/wp-json\/wp\/v2\/tags?post=7599"}],"curies":[{"name":"wp","href":"https:\/\/api.w.org\/{rel}","templated":true}]}}