{"id":9778,"date":"2021-01-08T08:20:24","date_gmt":"2021-01-08T08:20:24","guid":{"rendered":"http:\/\/www.italianoconulgen.com\/?p=9778"},"modified":"2023-01-26T15:32:14","modified_gmt":"2023-01-26T15:32:14","slug":"anche-venezia-si-e-riposata","status":"publish","type":"post","link":"http:\/\/www.italianoconulgen.com\/index.php\/2021\/01\/08\/anche-venezia-si-e-riposata\/","title":{"rendered":"Anche Venezia si \u00e8 riposata"},"content":{"rendered":"\n<p><em>Venedik de dinlendi!<\/em><\/p>\n\n\n\n<div class=\"wp-block-image\"><figure class=\"alignright size-large is-resized\"><img decoding=\"async\" loading=\"lazy\" src=\"http:\/\/www.italianoconulgen.com\/wp-content\/uploads\/2021\/01\/2560016190969_0_0_0_768_75.jpg\" alt=\"\" class=\"wp-image-9787\" width=\"104\" height=\"148\" srcset=\"http:\/\/www.italianoconulgen.com\/wp-content\/uploads\/2021\/01\/2560016190969_0_0_0_768_75.jpg 541w, http:\/\/www.italianoconulgen.com\/wp-content\/uploads\/2021\/01\/2560016190969_0_0_0_768_75-211x300.jpg 211w\" sizes=\"(max-width: 104px) 100vw, 104px\" \/><figcaption><em>Due anni di vacanza (1888)<\/em><\/figcaption><\/figure><\/div>\n\n\n\n<p>Ne yalan s\u00f6yleyeyim, ge\u00e7en y\u0131l mart ay\u0131nda okullar\u0131n iki hafta tatil edildi\u011fini duyunca az\u0131c\u0131k dinlenirim o vesileyle diye d\u00fc\u015f\u00fcnm\u00fc\u015ft\u00fcm. O dinlenmeyi umdu\u011fumuz tatil iki y\u0131la uzarken dinlenmekten yorulduk fena halde. Bu ara akl\u0131mda hep Jules Verne&#8217;in <em>\u0130ki Y\u0131l Okul Tatili <\/em>roman\u0131 var. William Golding&#8217;in <em>Sineklerin Tanr\u0131s\u0131&#8217;<\/em>n\u0131n babas\u0131 sayabilece\u011fimiz bu macera roman\u0131nda da \u0131ss\u0131z bir adadaki belirsiz tatil g\u00fcnlerinde hayatta kalma m\u00fccadelesi veren \u00e7ocuklar\u0131n \u00f6yk\u00fcs\u00fc anlat\u0131l\u0131yor.<\/p>\n\n\n\n<p>Karantinan\u0131n ilk g\u00fcnlerinde bol bol dinlenen, kitap okuyan, yeni hobiler edinen, evine Surivor parkuru kuran \u00f6\u011frencilerim art\u0131k yorgun ve bezgin. Hangimiz de\u011filiz ki! Ama dikkat etti\u011fim bir \u015fey var, hepimiz her yandan sevgimizi ve \u00f6zlemimizi daha a\u00e7\u0131k ifade ederek \u00e7evremizdekileri ne\u015felendirmek ve mutlu etmek i\u00e7in ola\u011fan\u00fcst\u00fc gayret sarf ediyoruz. Herkes sessizce kendi duygusal y\u00fck\u00fcn\u00fc s\u0131rtland\u0131, kimse kimseye olumsuz bir \u015fey ya\u015fatmamaya \u00e7al\u0131\u015f\u0131yor, <strong><em>anzi <\/em><\/strong>(hatta, aksine) birbirimizin y\u00fck\u00fcn\u00fc azaltma \u00e7abas\u0131nday\u0131z.<\/p>\n\n\n\n<p>Bu bataktan birlikte \u00e7\u0131kaca\u011f\u0131z!<\/p>\n\n\n\n<p>Ben de \u00f6\u011frencilerimdeki belirgin dibe vurma belirtilerini, zoom&#8217;da bile a\u015fikar olan bo\u015f bak\u0131\u015flar\u0131, s\u0131k\u0131nt\u0131l\u0131 halleri g\u00f6r\u00fcnce can havliyle kendime geldim. Yavrular\u0131n\u0131 korumaya \u00e7al\u0131\u015fan ku\u015flar gibi kendi depresyonumdan s\u0131yr\u0131ld\u0131m hemen, a\u00e7t\u0131m kanatlar\u0131m\u0131. Toplant\u0131lar\u0131m\u0131za <strong><em>mezz&#8217;ora<\/em><\/strong> (yar\u0131m saat) sohbet s\u00fcresi ekliyorum, lavanta kokulu mumumu mutlaka yak\u0131yorum. Mis kokusunu iletemesem de \u0131\u015f\u0131lt\u0131s\u0131 bile yetiyor sohbetimizi ayd\u0131nlatmaya, i\u00e7imizi \u0131s\u0131tmaya.<\/p>\n\n\n\n<p>Onlar bana evlerini gezdiriyor, odalar\u0131n\u0131 g\u00f6steriyor, evcil hayvanlar\u0131n\u0131 sevdiriyor. Arka planda hep m\u00fczi\u011fimiz var, kahvemizi birlikte i\u00e7iyoruz. Ben de ders malzemelerimizin daha canl\u0131 ve ne\u015feli olmas\u0131na \u00f6zen g\u00f6steriyorum. <\/p>\n\n\n\n<div class=\"wp-block-image\"><figure class=\"alignright size-large is-resized\"><img decoding=\"async\" loading=\"lazy\" src=\"http:\/\/www.italianoconulgen.com\/wp-content\/uploads\/2021\/01\/IMG_1904-768x1024.jpg\" alt=\"\" class=\"wp-image-9781\" width=\"114\" height=\"152\" srcset=\"http:\/\/www.italianoconulgen.com\/wp-content\/uploads\/2021\/01\/IMG_1904-768x1024.jpg 768w, http:\/\/www.italianoconulgen.com\/wp-content\/uploads\/2021\/01\/IMG_1904-225x300.jpg 225w, http:\/\/www.italianoconulgen.com\/wp-content\/uploads\/2021\/01\/IMG_1904-1152x1536.jpg 1152w, http:\/\/www.italianoconulgen.com\/wp-content\/uploads\/2021\/01\/IMG_1904-1536x2048.jpg 1536w, http:\/\/www.italianoconulgen.com\/wp-content\/uploads\/2021\/01\/IMG_1904-scaled.jpg 1920w\" sizes=\"(max-width: 114px) 100vw, 114px\" \/><\/figure><\/div>\n\n\n\n<p>Hatta animasyona da ba\u015flad\u0131m. Zeynep&#8217;i y\u0131lba\u015f\u0131 hediyesi, arkas\u0131nda toka ve bro\u015f donan\u0131m\u0131 olan <strong><em>multifunzione<\/em><\/strong> (\u00e7ok i\u015flevli) ke\u00e7e Noel Baba&#8217;y\u0131 yakama tak\u0131p kar\u015f\u0131lad\u0131m. Ya\u015f\u0131mdan ba\u015f\u0131mdan utan\u0131p toka yapmad\u0131m hen\u00fcz ama bence o g\u00fcnler de yak\u0131n! Ya\u011fmur&#8217;un kar\u015f\u0131s\u0131na ise onun y\u0131lba\u015f\u0131 hediyesi, \u00fczerinde <em>Zzzzz <\/em>harfleri i\u015fli kadife uyku g\u00f6zl\u00fc\u011f\u00fcmle \u00e7\u0131kt\u0131m, <em>derslerde hep siz uyumayacaks\u0131n\u0131z ya <\/em>diyerek!<\/p>\n\n\n\n<p>Bence d\u00f6n\u00fc\u015f\u00fcm\u00fcz muhte\u015fem olacak!<\/p>\n\n\n\n<div class=\"wp-block-image\"><figure class=\"alignleft size-large is-resized\"><img decoding=\"async\" loading=\"lazy\" src=\"http:\/\/www.italianoconulgen.com\/wp-content\/uploads\/2021\/01\/GONDOL-1024x793.jpg\" alt=\"\" class=\"wp-image-9779\" width=\"147\" height=\"114\" srcset=\"http:\/\/www.italianoconulgen.com\/wp-content\/uploads\/2021\/01\/GONDOL-1024x793.jpg 1024w, http:\/\/www.italianoconulgen.com\/wp-content\/uploads\/2021\/01\/GONDOL-300x232.jpg 300w, http:\/\/www.italianoconulgen.com\/wp-content\/uploads\/2021\/01\/GONDOL-768x595.jpg 768w, http:\/\/www.italianoconulgen.com\/wp-content\/uploads\/2021\/01\/GONDOL-1536x1190.jpg 1536w, http:\/\/www.italianoconulgen.com\/wp-content\/uploads\/2021\/01\/GONDOL-2048x1586.jpg 2048w\" sizes=\"(max-width: 147px) 100vw, 147px\" \/><\/figure><\/div>\n\n\n\n<p>D\u00fcnyan\u0131n t\u00fcm insanlar\u0131, k\u00f6\u015feleri gibi rutin hayat\u0131na ara verip dinlenen, h\u00fcz\u00fcnl\u00fc bir sessizli\u011fe b\u00fcr\u00fcnen ama o arada yorgun ruhunu onaran, berrakla\u015fan sular\u0131nda bal\u0131klar\u0131n yeniden hayat buldu\u011fu, sessizli\u011finde yaln\u0131zca mart\u0131lar\u0131n ve su sesinin duyuldu\u011fu g\u00fczel Venedik\u2019te yeniden insan c\u0131v\u0131lt\u0131lar\u0131n\u0131 duymak dile\u011fiyle&#8230;<\/p>\n\n\n\n<figure class=\"wp-block-embed-youtube wp-block-embed is-type-video is-provider-youtube wp-embed-aspect-16-9 wp-has-aspect-ratio\"><div class=\"wp-block-embed__wrapper\">\n<iframe loading=\"lazy\" title=\"Coronavirus, il lockdown di Venezia ripreso dal drone\" width=\"660\" height=\"371\" src=\"https:\/\/www.youtube.com\/embed\/_cGHUL9rRE0?feature=oembed\" frameborder=\"0\" allow=\"accelerometer; autoplay; clipboard-write; encrypted-media; gyroscope; picture-in-picture\" allowfullscreen><\/iframe>\n<\/div><\/figure>\n\n\n\n<p>Unutmay\u0131n, hepimiz ayn\u0131 gondolday\u0131z ve karaya birlikte \u00e7\u0131kaca\u011f\u0131z!<\/p>\n\n\n\n<div class=\"wp-block-image\"><figure class=\"aligncenter size-large is-resized\"><img decoding=\"async\" loading=\"lazy\" src=\"http:\/\/www.italianoconulgen.com\/wp-content\/uploads\/2021\/01\/bir-bu-kaldi-363x1024.jpg\" alt=\"\" class=\"wp-image-9780\" width=\"98\" height=\"277\" srcset=\"http:\/\/www.italianoconulgen.com\/wp-content\/uploads\/2021\/01\/bir-bu-kaldi-363x1024.jpg 363w, http:\/\/www.italianoconulgen.com\/wp-content\/uploads\/2021\/01\/bir-bu-kaldi-106x300.jpg 106w, http:\/\/www.italianoconulgen.com\/wp-content\/uploads\/2021\/01\/bir-bu-kaldi-768x2168.jpg 768w, http:\/\/www.italianoconulgen.com\/wp-content\/uploads\/2021\/01\/bir-bu-kaldi-544x1536.jpg 544w, http:\/\/www.italianoconulgen.com\/wp-content\/uploads\/2021\/01\/bir-bu-kaldi-726x2048.jpg 726w, http:\/\/www.italianoconulgen.com\/wp-content\/uploads\/2021\/01\/bir-bu-kaldi.jpg 863w\" sizes=\"(max-width: 98px) 100vw, 98px\" \/><\/figure><\/div>\n\n\n\n<p><\/p>\n","protected":false},"excerpt":{"rendered":"<p>Venedik de dinlendi! Ne yalan s\u00f6yleyeyim, ge\u00e7en y\u0131l mart ay\u0131nda okullar\u0131n iki hafta tatil edildi\u011fini duyunca az\u0131c\u0131k dinlenirim o vesileyle diye d\u00fc\u015f\u00fcnm\u00fc\u015ft\u00fcm. O dinlenmeyi umdu\u011fumuz tatil iki y\u0131la uzarken dinlenmekten yorulduk fena halde. Bu ara akl\u0131mda hep Jules Verne&#8217;in \u0130ki Y\u0131l Okul Tatili roman\u0131 var. William Golding&#8217;in Sineklerin Tanr\u0131s\u0131&#8217;n\u0131n babas\u0131 sayabilece\u011fimiz bu macera roman\u0131nda da &hellip; <a href=\"http:\/\/www.italianoconulgen.com\/index.php\/2021\/01\/08\/anche-venezia-si-e-riposata\/\" class=\"more-link\">Okumaya devam et <span class=\"screen-reader-text\">Anche Venezia si \u00e8 riposata<\/span><\/a><\/p>\n","protected":false},"author":2,"featured_media":0,"comment_status":"open","ping_status":"open","sticky":false,"template":"","format":"standard","meta":[],"categories":[9,7],"tags":[],"_links":{"self":[{"href":"http:\/\/www.italianoconulgen.com\/index.php\/wp-json\/wp\/v2\/posts\/9778"}],"collection":[{"href":"http:\/\/www.italianoconulgen.com\/index.php\/wp-json\/wp\/v2\/posts"}],"about":[{"href":"http:\/\/www.italianoconulgen.com\/index.php\/wp-json\/wp\/v2\/types\/post"}],"author":[{"embeddable":true,"href":"http:\/\/www.italianoconulgen.com\/index.php\/wp-json\/wp\/v2\/users\/2"}],"replies":[{"embeddable":true,"href":"http:\/\/www.italianoconulgen.com\/index.php\/wp-json\/wp\/v2\/comments?post=9778"}],"version-history":[{"count":14,"href":"http:\/\/www.italianoconulgen.com\/index.php\/wp-json\/wp\/v2\/posts\/9778\/revisions"}],"predecessor-version":[{"id":10914,"href":"http:\/\/www.italianoconulgen.com\/index.php\/wp-json\/wp\/v2\/posts\/9778\/revisions\/10914"}],"wp:attachment":[{"href":"http:\/\/www.italianoconulgen.com\/index.php\/wp-json\/wp\/v2\/media?parent=9778"}],"wp:term":[{"taxonomy":"category","embeddable":true,"href":"http:\/\/www.italianoconulgen.com\/index.php\/wp-json\/wp\/v2\/categories?post=9778"},{"taxonomy":"post_tag","embeddable":true,"href":"http:\/\/www.italianoconulgen.com\/index.php\/wp-json\/wp\/v2\/tags?post=9778"}],"curies":[{"name":"wp","href":"https:\/\/api.w.org\/{rel}","templated":true}]}}